{"id":4870,"date":"2025-12-12T04:56:55","date_gmt":"2025-12-12T04:56:55","guid":{"rendered":"https:\/\/www.lumaltik.org\/2025\/12\/zapajaia-gora-zapatistak\/"},"modified":"2025-12-12T05:01:57","modified_gmt":"2025-12-12T05:01:57","slug":"zapajaia-gora-zapatistak","status":"publish","type":"post","link":"https:\/\/www.lumaltik.org\/eu\/2025\/12\/zapajaia-gora-zapatistak\/","title":{"rendered":"Zapajaia Bilbon! Gora Zapatistak!"},"content":{"rendered":"\n<p>Txiapasen (Mexiko), zapatismoak bere mugimendu iraultzaleari jarraitzen dio. Faxismoaren eraso bizkortuaren garaietan, inoiz baino gehiago, zapatisten borrokak pentsatzen, eusten eta eraikitzen laguntzen digu. Aurten ere, Bilbon, zapatisten matxinada ospatuko dugu elkartasun jaialdiarekin. <strong>Abenduaren 20an ikusiko dugu elkar Bilbiko Kultur Etxean!<\/strong><\/p>\n\n\n\n<p>&#8212;- <\/p>\n\n\n\n<p>En Chiapas (M\u00e9xico), el zapatismo sigue su camino revolucionario. En tiempos de ofensiva fascista acelerada, m\u00e1s que nunca, la lucha zapatista nos ayuda a pensar, resistir y construir. Un a\u00f1o m\u00e1s, en Bilbo, celebraremos la rebeli\u00f3n zapatista con un d\u00eda de actividades solidarias. <strong>\u00a1Nos vemos el s\u00e1bado 20 de diciembre en la Kultur!<\/strong> <\/p>\n","protected":false},"excerpt":{"rendered":"<p>Txiapasen (Mexiko), zapatismoak bere mugimendu iraultzaleari jarraitzen dio. Faxismoaren eraso bizkortuaren garaietan, inoiz baino gehiago, zapatisten borrokak pentsatzen, eusten eta eraikitzen laguntzen digu. Aurten ere, Bilbon, zapatisten matxinada ospatuko dugu elkartasun jaialdiarekin. Abenduaren 20an ikusiko dugu elkar Bilbiko Kultur Etxean! &#8212;- En Chiapas (M\u00e9xico), el zapatismo sigue su camino revolucionario. En tiempos de ofensiva fascista [&hellip;]<\/p>\n","protected":false},"author":3,"featured_media":4868,"comment_status":"closed","ping_status":"closed","sticky":false,"template":"","format":"standard","meta":{"footnotes":""},"categories":[9],"tags":[],"class_list":["post-4870","post","type-post","status-publish","format-standard","has-post-thumbnail","hentry","category-sin-categoria-eu"],"blocksy_meta":[],"aioseo_notices":[],"_links":{"self":[{"href":"https:\/\/www.lumaltik.org\/eu\/wp-json\/wp\/v2\/posts\/4870","targetHints":{"allow":["GET"]}}],"collection":[{"href":"https:\/\/www.lumaltik.org\/eu\/wp-json\/wp\/v2\/posts"}],"about":[{"href":"https:\/\/www.lumaltik.org\/eu\/wp-json\/wp\/v2\/types\/post"}],"author":[{"embeddable":true,"href":"https:\/\/www.lumaltik.org\/eu\/wp-json\/wp\/v2\/users\/3"}],"replies":[{"embeddable":true,"href":"https:\/\/www.lumaltik.org\/eu\/wp-json\/wp\/v2\/comments?post=4870"}],"version-history":[{"count":2,"href":"https:\/\/www.lumaltik.org\/eu\/wp-json\/wp\/v2\/posts\/4870\/revisions"}],"predecessor-version":[{"id":4872,"href":"https:\/\/www.lumaltik.org\/eu\/wp-json\/wp\/v2\/posts\/4870\/revisions\/4872"}],"wp:featuredmedia":[{"embeddable":true,"href":"https:\/\/www.lumaltik.org\/eu\/wp-json\/wp\/v2\/media\/4868"}],"wp:attachment":[{"href":"https:\/\/www.lumaltik.org\/eu\/wp-json\/wp\/v2\/media?parent=4870"}],"wp:term":[{"taxonomy":"category","embeddable":true,"href":"https:\/\/www.lumaltik.org\/eu\/wp-json\/wp\/v2\/categories?post=4870"},{"taxonomy":"post_tag","embeddable":true,"href":"https:\/\/www.lumaltik.org\/eu\/wp-json\/wp\/v2\/tags?post=4870"}],"curies":[{"name":"wp","href":"https:\/\/api.w.org\/{rel}","templated":true}]}}