{"id":4660,"date":"2025-05-01T09:15:55","date_gmt":"2025-05-01T09:15:55","guid":{"rendered":"https:\/\/www.lumaltik.org\/?p=4660"},"modified":"2025-05-01T09:16:00","modified_gmt":"2025-05-01T09:16:00","slug":"accion-urgente-libertad-2-zapatistas-detenidos","status":"publish","type":"post","link":"https:\/\/www.lumaltik.org\/eu\/2025\/05\/accion-urgente-libertad-2-zapatistas-detenidos\/","title":{"rendered":"Acci\u00f3n urgente. Libertad 2 zapatistas detenidos"},"content":{"rendered":"\n<figure class=\"wp-block-image\"><img decoding=\"async\" src=\"assets\/img\/emoji\/26a0.png\" alt=\"\u26a0\ufe0f\"\/><\/figure>\n\n\n\n<p>Acci\u00f3n Urgente | Firma por la libertad inmediata de las Bases de Apoyo del EZLN Jos\u00e9 Baldemar S\u00e1ntiz S\u00e1ntiz y Andr\u00e9s Manuel S\u00e1ntiz G\u00f3mez<\/p>\n\n\n\n<p>Represi\u00f3n y ataque directo contra la autonom\u00eda zapatista<br>Alertamos de un caso m\u00e1s de fabricaci\u00f3n de culpables que atenta contra la lucha por la Vida y el Com\u00fan<\/p>\n\n\n\n<figure class=\"wp-block-image\"><img decoding=\"async\" src=\"assets\/img\/emoji\/1f4c4.png\" alt=\"\ud83d\udcc4\"\/><\/figure>\n\n\n\n<p>Hacemos un llamado a la solidaridad nacional e internacional que firmen esta acci\u00f3n urgente y le escriban a las autoridades mexicanas para exigir la libertad de los compa\u00f1eros zapatistas: <a href=\"https:\/\/frayba.org.mx\/firma-por-la-libertad-inmediata-de-las-bases-de-apoyo-del-ezln-jose-baldemar-santiz-santiz-y-andres\" target=\"_blank\" rel=\"noreferrer noopener\">https:\/\/frayba.org.mx\/firma-por-la-libertad-inmediata-de-las-bases-de-apoyo-del-ezln-jose-baldemar-santiz-santiz-y-andres<\/a><\/p>\n\n\n\n<p><a href=\"tg:\/\/search_hashtag?hashtag=LibertadParaZapatistasPresxs\">#LibertadParaZapatistasPresxs<\/a><\/p>\n","protected":false},"excerpt":{"rendered":"<p>Acci\u00f3n Urgente | Firma por la libertad inmediata de las Bases de Apoyo del EZLN Jos\u00e9 Baldemar S\u00e1ntiz S\u00e1ntiz y Andr\u00e9s Manuel S\u00e1ntiz G\u00f3mez Represi\u00f3n y ataque directo contra la autonom\u00eda zapatistaAlertamos de un caso m\u00e1s de fabricaci\u00f3n de culpables que atenta contra la lucha por la Vida y el Com\u00fan Hacemos un llamado a [&hellip;]<\/p>\n","protected":false},"author":3,"featured_media":4657,"comment_status":"closed","ping_status":"closed","sticky":false,"template":"","format":"standard","meta":{"footnotes":""},"categories":[32],"tags":[],"class_list":["post-4660","post","type-post","status-publish","format-standard","has-post-thumbnail","hentry","category-aktibitateak"],"blocksy_meta":[],"aioseo_notices":[],"_links":{"self":[{"href":"https:\/\/www.lumaltik.org\/eu\/wp-json\/wp\/v2\/posts\/4660","targetHints":{"allow":["GET"]}}],"collection":[{"href":"https:\/\/www.lumaltik.org\/eu\/wp-json\/wp\/v2\/posts"}],"about":[{"href":"https:\/\/www.lumaltik.org\/eu\/wp-json\/wp\/v2\/types\/post"}],"author":[{"embeddable":true,"href":"https:\/\/www.lumaltik.org\/eu\/wp-json\/wp\/v2\/users\/3"}],"replies":[{"embeddable":true,"href":"https:\/\/www.lumaltik.org\/eu\/wp-json\/wp\/v2\/comments?post=4660"}],"version-history":[{"count":1,"href":"https:\/\/www.lumaltik.org\/eu\/wp-json\/wp\/v2\/posts\/4660\/revisions"}],"predecessor-version":[{"id":4662,"href":"https:\/\/www.lumaltik.org\/eu\/wp-json\/wp\/v2\/posts\/4660\/revisions\/4662"}],"wp:featuredmedia":[{"embeddable":true,"href":"https:\/\/www.lumaltik.org\/eu\/wp-json\/wp\/v2\/media\/4657"}],"wp:attachment":[{"href":"https:\/\/www.lumaltik.org\/eu\/wp-json\/wp\/v2\/media?parent=4660"}],"wp:term":[{"taxonomy":"category","embeddable":true,"href":"https:\/\/www.lumaltik.org\/eu\/wp-json\/wp\/v2\/categories?post=4660"},{"taxonomy":"post_tag","embeddable":true,"href":"https:\/\/www.lumaltik.org\/eu\/wp-json\/wp\/v2\/tags?post=4660"}],"curies":[{"name":"wp","href":"https:\/\/api.w.org\/{rel}","templated":true}]}}