{"id":4648,"date":"2025-04-28T10:04:28","date_gmt":"2025-04-28T10:04:28","guid":{"rendered":"https:\/\/www.lumaltik.org\/2025\/04\/basauri-13-de-mayo-migraciones-y-derechos-humanos-en-la-frontera-mexico-guatemala\/"},"modified":"2025-04-28T10:07:13","modified_gmt":"2025-04-28T10:07:13","slug":"basauri-13-de-mayo-migraciones-y-derechos-humanos-en-la-frontera-mexico-guatemala","status":"publish","type":"post","link":"https:\/\/www.lumaltik.org\/eu\/2025\/04\/basauri-13-de-mayo-migraciones-y-derechos-humanos-en-la-frontera-mexico-guatemala\/","title":{"rendered":"Basauri 13 de mayo. Migraciones y Derechos Humanos en la frontera M\u00e9xico &#8211; Guatemala"},"content":{"rendered":"\n<p>Charla caf\u00e9 con Mavi Cruz del Centro de Derechos Humanos Fray Mat\u00edas de C\u00f3rdova <\/p>\n\n\n\n<p>Nos vemos en Axular 28 a las 18:00<\/p>\n","protected":false},"excerpt":{"rendered":"<p>Charla caf\u00e9 con Mavi Cruz del Centro de Derechos Humanos Fray Mat\u00edas de C\u00f3rdova Nos vemos en Axular 28 a las 18:00<\/p>\n","protected":false},"author":3,"featured_media":4646,"comment_status":"closed","ping_status":"closed","sticky":false,"template":"","format":"standard","meta":{"footnotes":""},"categories":[26],"tags":[],"class_list":["post-4648","post","type-post","status-publish","format-standard","has-post-thumbnail","hentry","category-charla-eu"],"blocksy_meta":[],"aioseo_notices":[],"_links":{"self":[{"href":"https:\/\/www.lumaltik.org\/eu\/wp-json\/wp\/v2\/posts\/4648","targetHints":{"allow":["GET"]}}],"collection":[{"href":"https:\/\/www.lumaltik.org\/eu\/wp-json\/wp\/v2\/posts"}],"about":[{"href":"https:\/\/www.lumaltik.org\/eu\/wp-json\/wp\/v2\/types\/post"}],"author":[{"embeddable":true,"href":"https:\/\/www.lumaltik.org\/eu\/wp-json\/wp\/v2\/users\/3"}],"replies":[{"embeddable":true,"href":"https:\/\/www.lumaltik.org\/eu\/wp-json\/wp\/v2\/comments?post=4648"}],"version-history":[{"count":1,"href":"https:\/\/www.lumaltik.org\/eu\/wp-json\/wp\/v2\/posts\/4648\/revisions"}],"predecessor-version":[{"id":4649,"href":"https:\/\/www.lumaltik.org\/eu\/wp-json\/wp\/v2\/posts\/4648\/revisions\/4649"}],"wp:featuredmedia":[{"embeddable":true,"href":"https:\/\/www.lumaltik.org\/eu\/wp-json\/wp\/v2\/media\/4646"}],"wp:attachment":[{"href":"https:\/\/www.lumaltik.org\/eu\/wp-json\/wp\/v2\/media?parent=4648"}],"wp:term":[{"taxonomy":"category","embeddable":true,"href":"https:\/\/www.lumaltik.org\/eu\/wp-json\/wp\/v2\/categories?post=4648"},{"taxonomy":"post_tag","embeddable":true,"href":"https:\/\/www.lumaltik.org\/eu\/wp-json\/wp\/v2\/tags?post=4648"}],"curies":[{"name":"wp","href":"https:\/\/api.w.org\/{rel}","templated":true}]}}