{"id":3709,"date":"2024-10-17T11:03:20","date_gmt":"2024-10-17T11:03:20","guid":{"rendered":"https:\/\/www.lumaltik.org\/eu\/2024\/10\/komunitate-zapatisten-aurkako-mahatxu-berriak-zapatistek-zabaldutako-oharra-eta-sinadurak-biltzeko-dokumentua-bidaltezen-dizuegu\/"},"modified":"2025-04-05T09:30:00","modified_gmt":"2025-04-05T09:30:00","slug":"komunitate-zapatisten-aurkako-mahatxu-berriak-zapatistek-zabaldutako-oharra-eta-sinadurak-biltzeko-dokumentua-bidaltezen-dizuegu","status":"publish","type":"post","link":"https:\/\/www.lumaltik.org\/eu\/2024\/10\/komunitate-zapatisten-aurkako-mahatxu-berriak-zapatistek-zabaldutako-oharra-eta-sinadurak-biltzeko-dokumentua-bidaltezen-dizuegu\/","title":{"rendered":"KOMUNITATE ZAPATISTEN AURKAKO MAHATXU BERRIAK. ZAPATISTEK ZABALDUTAKO OHARRA ETA SINADURAK BILTZEKO DOKUMENTUA BIDALTEZEN DIZUEGU"},"content":{"rendered":"\n<p>NUEVAS AGRESIONES Y AMENAZAS A COMUNIDADES ZAPATISTAS. AQUI PUEDES ENCONTRAR LA DENUNCIA DE LOS ZAPATISTAS Y MAS ABAJO UNA ACCI\u00d3N URGENTE PARA FIRMAR ENVIADA POR EL CENTRO DE DERECHOS HUMANOS FRAY BARTOLOM\u00c9 DE LAS CASAS<\/p>\n\n\n\n<p><\/p>\n\n\n\n<p><em>Compas:<br><br>Desde hace unas semanas, pobladores de palestina han amenazado a mujeres, ancianos, ni\u00f1os y hombres del poblado zapatista \u201c6 de octubre\u201d, parte del caracol de jerusal\u00e9n, con desalojarlos de las tierras que ocupan y trabajan, en forma pac\u00edfica, desde hace m\u00e1s de 30 a\u00f1os.<\/em><\/p>\n\n\n\n<p><strong><em>Las amenazas han ido subiendo de tono<\/em><\/strong>&nbsp;(\u2026) <em><strong>Las provocaciones no cesan.&nbsp;El caracol de jerusal\u00e9n era de una de las sedes contempladas para la celebraci\u00f3n de los encuentros de resistencia y rebeld\u00eda 2024-2025.<\/strong><br><br>como debemos estar pendientes del deterioro de esta grave situaci\u00f3n, <strong>suspenderemos toda comunicaci\u00f3n e informaci\u00f3n sobre dichos encuentros y contemplaremos la cancelaci\u00f3n de ellos<\/strong>&nbsp;debido a que no habr\u00eda seguridad para los asistentes en ning\u00fan lugar de chiapas.<\/em><\/p>\n\n\n\n<figure class=\"wp-block-image\"><img decoding=\"async\" src=\"https:\/\/web.telegram.org\/a\/img-apple-64\/2757.png\" alt=\"\u2757\ufe0f\"\/><\/figure>\n\n\n\n<p><strong>Lee el texto completo de la denuncia en Enlace Zapatista:<br><\/strong><a href=\"https:\/\/wp.me\/p9YUg-6v9\" target=\"_blank\" rel=\"noreferrer noopener\">https:\/\/wp.me\/p9YUg-6v9<\/a><\/p>\n\n\n\n<p>ACCI\u00d3N URGENTE PARA FIRMAR (Centro de Derechos Humanos Fray Bartolom\u00e9 de las Casas)<\/p>\n\n\n\n<p><a href=\"https:\/\/frayba.org.mx\/denunciamos-el-riesgo-la-vida-seguridad-e-integridad-personal-de-los-habitantes-bases-de-apoyo-del\">https:\/\/frayba.org.mx\/denunciamos-el-riesgo-la-vida-seguridad-e-integridad-personal-de-los-habitantes-bases-de-apoyo-del<\/a><\/p>\n","protected":false},"excerpt":{"rendered":"<p>NUEVAS AGRESIONES Y AMENAZAS A COMUNIDADES ZAPATISTAS. AQUI PUEDES ENCONTRAR LA DENUNCIA DE LOS ZAPATISTAS Y MAS ABAJO UNA ACCI\u00d3N URGENTE PARA FIRMAR ENVIADA POR EL CENTRO DE DERECHOS HUMANOS FRAY BARTOLOM\u00c9 DE LAS CASAS Compas: Desde hace unas semanas, pobladores de palestina han amenazado a mujeres, ancianos, ni\u00f1os y hombres del poblado zapatista \u201c6 [&hellip;]<\/p>\n","protected":false},"author":3,"featured_media":4441,"comment_status":"closed","ping_status":"open","sticky":false,"template":"","format":"standard","meta":{"footnotes":""},"categories":[36],"tags":[],"class_list":["post-3709","post","type-post","status-publish","format-standard","has-post-thumbnail","hentry","category-comunicado-eu"],"blocksy_meta":[],"aioseo_notices":[],"_links":{"self":[{"href":"https:\/\/www.lumaltik.org\/eu\/wp-json\/wp\/v2\/posts\/3709","targetHints":{"allow":["GET"]}}],"collection":[{"href":"https:\/\/www.lumaltik.org\/eu\/wp-json\/wp\/v2\/posts"}],"about":[{"href":"https:\/\/www.lumaltik.org\/eu\/wp-json\/wp\/v2\/types\/post"}],"author":[{"embeddable":true,"href":"https:\/\/www.lumaltik.org\/eu\/wp-json\/wp\/v2\/users\/3"}],"replies":[{"embeddable":true,"href":"https:\/\/www.lumaltik.org\/eu\/wp-json\/wp\/v2\/comments?post=3709"}],"version-history":[{"count":1,"href":"https:\/\/www.lumaltik.org\/eu\/wp-json\/wp\/v2\/posts\/3709\/revisions"}],"predecessor-version":[{"id":4547,"href":"https:\/\/www.lumaltik.org\/eu\/wp-json\/wp\/v2\/posts\/3709\/revisions\/4547"}],"wp:featuredmedia":[{"embeddable":true,"href":"https:\/\/www.lumaltik.org\/eu\/wp-json\/wp\/v2\/media\/4441"}],"wp:attachment":[{"href":"https:\/\/www.lumaltik.org\/eu\/wp-json\/wp\/v2\/media?parent=3709"}],"wp:term":[{"taxonomy":"category","embeddable":true,"href":"https:\/\/www.lumaltik.org\/eu\/wp-json\/wp\/v2\/categories?post=3709"},{"taxonomy":"post_tag","embeddable":true,"href":"https:\/\/www.lumaltik.org\/eu\/wp-json\/wp\/v2\/tags?post=3709"}],"curies":[{"name":"wp","href":"https:\/\/api.w.org\/{rel}","templated":true}]}}