{"id":3615,"date":"2024-07-07T09:43:50","date_gmt":"2024-07-07T09:43:50","guid":{"rendered":"https:\/\/www.lumaltik.org\/eu\/2024\/07\/comunicado-por-ostula-de-la-coordinacion-nacional-alto-a-la-guerra-contra-los-pueblos-zapatistas\/"},"modified":"2024-07-07T09:46:48","modified_gmt":"2024-07-07T09:46:48","slug":"comunicado-por-ostula-de-la-coordinacion-nacional-alto-a-la-guerra-contra-los-pueblos-zapatistas","status":"publish","type":"post","link":"https:\/\/www.lumaltik.org\/eu\/2024\/07\/comunicado-por-ostula-de-la-coordinacion-nacional-alto-a-la-guerra-contra-los-pueblos-zapatistas\/","title":{"rendered":"COMUNICADO POR OSTULA DE LA COORDINACI\u00d3N NACIONAL ALTO A LA GUERRA CONTRA LOS PUEBLOS ZAPATISTAS"},"content":{"rendered":"\n<p>Puedes ver el post original en https:\/\/www.congresonacionalindigena.org\/2024\/07\/05\/comunicado-por-ostula-de-la-coordinacion-nacional-alto-a-la-guerra-contra-los-pueblos-zapatistas\/<\/p>\n\n\n\n<p><strong>COMUNIDAD NAHUA DE SANTA MAR\u00cdA OSTULA BAJO ATAQUE DEL CRIMEN ORGANIZADO<\/strong><\/p>\n\n\n\n<p><strong>\u00a1Exigimos acci\u00f3n inmediata para desarticular los grupos criminales!<\/strong><\/p>\n\n\n\n<p><strong>&nbsp;\u00a1Exigimos respeto a la libre determinaci\u00f3n de la comunidad Nahua de Santa Mar\u00eda Ostula!<\/strong><\/p>\n\n\n\n<p><strong>Un pueblo en resistencia: la historia de lucha de Santa Mar\u00eda Ostula<\/strong><\/p>\n\n\n\n<p>Los abajo firmantes expresamos nuestra profunda preocupaci\u00f3n ante la situaci\u00f3n que vive la comunidad ind\u00edgena de Santa Mar\u00eda Ostula. Desde hace d\u00e9cadas, la comunidad ha sido un ejemplo de dignidad y organizaci\u00f3n en la defensa de su territorio y el ejercicio de su derecho a la libre determinaci\u00f3n. En 2009 El Manifiesto de Ostula, firmado en conjunto con los pueblos Wix\u00e1rika, Purh\u00e9pecha, Binniz\u00e1, H\u00f1ah\u00f1uu, Coca, Tzeltal, \u00d1uu Savi y Rar\u00e1muri, reiter\u00f3 su empe\u00f1o por continuar ejerciendo su derecho hist\u00f3rico a la autonom\u00eda y libre determinaci\u00f3n. D\u00edas despu\u00e9s, miles de comuneros de Ostula recuperaron cientos de hect\u00e1reas de tierra que estaban en poder de caciques locales bajo el artilugio de \u201cpeque\u00f1os propietarios\u201d. Estos territorios, ahora llamados Xayakalan, son codiciados por empresarios del turismo, miner\u00eda, crimen organizado y comercio de maderas preciosas. Adem\u00e1s, Ostula se encuentra estrat\u00e9gicamente ubicada entre los puertos de Manzanillo y L\u00e1zaro C\u00e1rdenas, los dos m\u00e1s importantes de M\u00e9xico.<\/p>\n\n\n\n<p>R\u00e1pidamente, Santa Mar\u00eda Ostula se constituy\u00f3 como un referente de autonom\u00eda y autogesti\u00f3n, estableciendo control comunitario sobre sus tierras y playas y creando la Guardia Comunal, que se encarga de suministrar paz, seguridad y justicia para los habitantes de la regi\u00f3n.<\/p>\n\n\n\n<p>Sin embargo, la comunidad no ha estado exenta de hostigamiento y violencia. Desde 2008 en el proceso de organizaci\u00f3n para la recuperaci\u00f3n de su territorio y a lo largo de los a\u00f1os, han sufrido asesinatos, desapariciones, intentos de desarme y ataques armados por parte del crimen organizado.<\/p>\n\n\n\n<p><strong>Denunciamos los ataques del 1 al 3 de julio de 2024<\/strong><\/p>\n\n\n\n<p>Entre el 1 y el 3 de julio de 2024, la comunidad de Santa Mar\u00eda Ostula fue nuevamente v\u00edctima de una brutal embestida por parte del Cartel Jalisco Nueva Generaci\u00f3n (CJNG). Los ataques armados se intensificaron, poniendo en grave riesgo a la poblaci\u00f3n. El 3 de julio, los criminales utilizaron drones para lanzar explosivos contra la comunidad, incluyendo la cancha central, casas y la escuela.<\/p>\n\n\n\n<p>La poblaci\u00f3n civil, principalmente mujeres, ni\u00f1os y personas mayores, fue aterrorizada por la violencia y rodeada por grupos de hasta 50 criminales. A pesar de la heroica resistencia de la comunidad, las autoridades estatales y federales han brillado por su ausencia, permitiendo el ataque impune de los agresores.<\/p>\n\n\n\n<p><strong>Exigimos a las autoridades Federales y Estatales:&nbsp;<\/strong><\/p>\n\n\n\n<ol class=\"wp-block-list\">\n<li><strong>La intervenci\u00f3n inmediata para detener la embestida del CJNG.<\/strong><\/li>\n\n\n\n<li><strong>El reconocimiento y respeto a la libre determinaci\u00f3n y autonom\u00eda de Santa Mar\u00eda Ostula como un ejemplo hist\u00f3rico de lucha por la tierra y la dignidad.<\/strong><\/li>\n\n\n\n<li><strong>El respeto al derecho de la comunidad a ejercer su autodefensa y el otorgamiento de garant\u00edas para el funcionamiento de la Guardia Comunal.<\/strong><\/li>\n\n\n\n<li><strong>Castigo a los responsables de este ataque, de&nbsp; los asesinatos, desapariciones y dem\u00e1s violaciones a los derechos humanos de la comunidad que se perpetran impunes desde 2008.<\/strong><\/li>\n<\/ol>\n\n\n\n<p>\u00a1Alto a los ataques contra la comunidad Nahua de Santa Mar\u00eda Ostula!<\/p>\n\n\n\n<p><strong>Espacio de Coordinaci\u00f3n Nacional Alto a la Guerra contra los Pueblos Zapatistas<\/strong><\/p>\n\n\n\n<p>Asamblea de Pueblos del Istmo en Defensa de la Tierra y el Territorio. APIIDTT.<\/p>\n\n\n\n<p>Asamblea M\u00fauch\u2019 X\u00ecimbal<\/p>\n\n\n\n<p>Brigada Callejera de Apoyo a la Mujer \u00abElisa Mart\u00ednez\u00bb. A.C.<\/p>\n\n\n\n<p>Br\u00fajula Roja<\/p>\n\n\n\n<p>Centro de Derechos Humanos Fray Bartolome de Las Casas<\/p>\n\n\n\n<p>Centro de Investigaci\u00f3n en Comunicaci\u00f3n Comunitaria A.C.<\/p>\n\n\n\n<p>Colectiva coraz\u00f3n del tiempo en Puelmapu territorio ancestral mapuche nor patagonia argentina<\/p>\n\n\n\n<p>Colectivo Bordamos memoria<\/p>\n\n\n\n<p>Colectivo Cafetos<\/p>\n\n\n\n<p>Colectivo de las hijas y los hijos del ma\u00edz pinto<\/p>\n\n\n\n<p>Colectivo Mujeres Tierra<\/p>\n\n\n\n<p>Colectivo Renacido La grieta<\/p>\n\n\n\n<p>Colectivo Tejiendo Luchas<\/p>\n\n\n\n<p>Colectivo Tierra y Libertad<\/p>\n\n\n\n<p>Colectivo Transdisciplinario de Investigaciones Cr\u00edticas<\/p>\n\n\n\n<p>Colectivx de Colores para ni\u00f1xs<\/p>\n\n\n\n<p>Colectivx La Voz del An\u00e1huac Sexta en Rebeld\u00eda<\/p>\n\n\n\n<p>Consejo Nacional Urbano y Campesino<\/p>\n\n\n\n<p>Comit\u00e9 de Mujeres Chiapas-Kurdistan<\/p>\n\n\n\n<p>Comunidad de Tlanezi Calli en Resistencia<\/p>\n\n\n\n<p>Cuaderno Com\u00fan<\/p>\n\n\n\n<p>El terreno del T\u00eco Chayote<\/p>\n\n\n\n<p>Equipo de Educaci\u00f3n Popular Pa\u00f1uelos en Rebeld\u00eda, Abya Yala<\/p>\n\n\n\n<p>Espacio de lucha contra el olvido y la represi\u00f3n (Elcor)<\/p>\n\n\n\n<p>EzcuelitaGDL<\/p>\n\n\n\n<p>Feministas del Abya Yala<\/p>\n\n\n\n<p>Fotorreporteros Mx<\/p>\n\n\n\n<p>Gavilanas<\/p>\n\n\n\n<p>Grupo de Trabajo No Estamos Todxs desde San Crist\u00f3bal de las Casas, Chiapas<\/p>\n\n\n\n<p>Instituto Cultural Aut\u00f3nomo \u00abRub\u00e9n Jaramillo M\u00e9nez\u00bb<\/p>\n\n\n\n<p>La Barria Aut\u00f3noma Disidente Trasnacional, M\u00e9xico-California<\/p>\n\n\n\n<p>La Chispa Prensa<\/p>\n\n\n\n<p>La Colectiva de Acompa\u00f1amiento Las Siemprevivas<\/p>\n\n\n\n<p>La Otra en el Sur de Morelos<\/p>\n\n\n\n<p>La otra Justicia y Asociaci\u00f3n de Exploraci\u00f3n Cient\u00edfica, Cultural y Recreativa<\/p>\n\n\n\n<p>Laboratoria Autogestiva<\/p>\n\n\n\n<p>L\u2019Adhesiva, Barcelona<\/p>\n\n\n\n<p>Lleg\u00f3 la Hora de los Pueblos<\/p>\n\n\n\n<p>Lumaltik Herriak, de Euskal Herria<\/p>\n\n\n\n<p>Mexicanos Unidos<\/p>\n\n\n\n<p>Mujeres y disidencias de la Sexta en la Otra Europa y Abya Yala-Red de Resistencia y Rebeld\u00eda<\/p>\n\n\n\n<p>Mujeres y la Sexta<\/p>\n\n\n\n<p>Mujeres y la Sexta Jovel<\/p>\n\n\n\n<p>Nodo de Derechos Humanos Puebla<\/p>\n\n\n\n<p>Ocotenco-Kuautlali<\/p>\n\n\n\n<p>Organizaci\u00f3n Popular Francisco Villa de Izquierda Independiente<\/p>\n\n\n\n<p>Oveja Roja- Michoac\u00e1n<\/p>\n\n\n\n<p>Partido de los Comunistas<\/p>\n\n\n\n<p>Periodistas Unidos<\/p>\n\n\n\n<p>Profes en la Sexta<\/p>\n\n\n\n<p>Pueblos en Camino, Colombia<\/p>\n\n\n\n<p>Pueblos Unidos de la Regi\u00f3n Cholulteca y de los Volcanes<\/p>\n\n\n\n<p>Raices en Resistencia<\/p>\n\n\n\n<p>Red Bicis, Tierra y Libertad<\/p>\n\n\n\n<p>Red de Apoyo Iztapalapa Sexta (RAIS)<\/p>\n\n\n\n<p>Red de mujeres del oriente del Edo de M\u00e9x<\/p>\n\n\n\n<p>Red de Resistencia y Rebeld\u00eda Iximulew<\/p>\n\n\n\n<p>Red de Resistencia y Rebeld\u00eda Tlalpan<\/p>\n\n\n\n<p>Red de Resistencia y Rebeldias AJMAQ<\/p>\n\n\n\n<p>Red Morelense de Apoyo al CNI-CIG\/Colectividad Nuestra Alegre Rebeld\u00eda<\/p>\n\n\n\n<p>Red Universitaria Anticapitalista (RUA)<\/p>\n\n\n\n<p>Regeneraci\u00f3n Radio<\/p>\n\n\n\n<p>Resistencias Enlazando Dignidad Movimiento y Coraz\u00f3n Zapatista<\/p>\n\n\n\n<p>Resistrenzas-Puebla<\/p>\n\n\n\n<p>Taula per M\u00e8xic, Barcelona<\/p>\n\n\n\n<p>Tejiendo Organizaci\u00f3n Revolucionaria<\/p>\n\n\n\n<p>Tlali Nantli Coronango<\/p>\n\n\n\n<p>Uni\u00f3n de pueblos y fraccionamientos contra el relleno sanitario \u2013 Puebla<\/p>\n\n\n\n<p>Uni\u00f3n Popular Apizaquence Democr\u00e1tica e Independiente UPADI<\/p>\n\n\n\n<p>UNIOS<\/p>\n\n\n\n<p>Universidad para la Vida UNIVIDA.<\/p>\n\n\n\n<p>Vendaval<\/p>\n\n\n\n<p>Xochitlanezi<\/p>\n\n\n\n<p>Adhesiones individuales:<\/p>\n\n\n\n<p>Alberto Salcido Fontes<\/p>\n\n\n\n<p>Alejandro Mel\u00e9ndez Periodista<\/p>\n\n\n\n<p>Alejandro Ram\u00edrez \u00c1ngeles<\/p>\n\n\n\n<p>Alexis Daniel Rosim Mill\u00e1n<\/p>\n\n\n\n<p>Amilcar Paris Mandoki<\/p>\n\n\n\n<p>Ana Mar\u00eda Vera Smith<\/p>\n\n\n\n<p>Ana Vianey Figueroa Rodr\u00edguez<\/p>\n\n\n\n<p>Araceli Osorio Martinez, CDMX<\/p>\n\n\n\n<p>Arcelia Pasos<\/p>\n\n\n\n<p>Ariel Garc\u00eda<\/p>\n\n\n\n<p>Benny Toh<\/p>\n\n\n\n<p>Blanca Estrella Ruiz<\/p>\n\n\n\n<p>Blanca Narv\u00e1ez Rivera.<\/p>\n\n\n\n<p>Bonifacia Hern\u00e1ndez Flores<\/p>\n\n\n\n<p>Daniel Lazo Ceron<\/p>\n\n\n\n<p>Diana Gabriela Arangure Quevedo.<\/p>\n\n\n\n<p>Diana Itzu Luna<\/p>\n\n\n\n<p>Dr. Calixto Trinidad Carbajal Balderas<\/p>\n\n\n\n<p>Edith L\u00f3pez Ovalle<\/p>\n\n\n\n<p>Elena Katzestein Ferrer<\/p>\n\n\n\n<p>Elizabeth Ram\u00edrez Guevara<\/p>\n\n\n\n<p>Francisco Humberto Peregrina<\/p>\n\n\n\n<p>Francisco Javier Trujillo<\/p>\n\n\n\n<p>Jorge Mel\u00e9ndez Periodista<\/p>\n\n\n\n<p>Jos\u00e9 Antonio Garamendi Hern\u00e1ndez<\/p>\n\n\n\n<p>Juan Anzaldo Meneses, Editorial Ce-Acatl<\/p>\n\n\n\n<p>Leon Fierro Resendiz<\/p>\n\n\n\n<p>Luisa Riley<\/p>\n\n\n\n<p>Ma. Cristina Peralta Casillas<\/p>\n\n\n\n<p>Margarita Rodr\u00edguez<\/p>\n\n\n\n<p>Mar\u00eda Cristina Gonz\u00e1lez Machado<\/p>\n\n\n\n<p>Mar\u00eda Elda Flores, CDMX<\/p>\n\n\n\n<p>Mar\u00eda Guadalupe Moedano<\/p>\n\n\n\n<p>Marisela L\u00f3pez P\u00e9rez<\/p>\n\n\n\n<p>Marta Garc\u00eda Becerra<\/p>\n\n\n\n<p>Martha Lechuga, Profesora Secc. 9\u00aa CNTE<\/p>\n\n\n\n<p>Martha P\u00e9rez<\/p>\n\n\n\n<p>Mercedes Gonz\u00e1lez Mart\u00ednez<\/p>\n\n\n\n<p>Nicte Ha Dzib<\/p>\n\n\n\n<p>Paulino Alvarado Piza\u00f1a<\/p>\n\n\n\n<p>Raymundo Rasc\u00f3n<\/p>\n\n\n\n<p>Roc\u00edo Serv\u00edn Jim\u00e9nez, Universidad de Guanajuato<\/p>\n\n\n\n<p>Rodrigo Crist\u00f3bal V\u00e1zquez<\/p>\n\n\n\n<p>Rosa Paulina Res\u00e9ndiz Flores<\/p>\n\n\n\n<p>Sandra Estrada Maldonado<\/p>\n\n\n\n<p>Sashenka Fierro<\/p>\n\n\n\n<p>Silvia Res\u00e9ndiz Flores<\/p>\n\n\n\n<p>Siria Garibay Marr\u00f3n<\/p>\n\n\n\n<p>Volga de Pina Ravest<\/p>\n","protected":false},"excerpt":{"rendered":"<p>Puedes ver el post original en https:\/\/www.congresonacionalindigena.org\/2024\/07\/05\/comunicado-por-ostula-de-la-coordinacion-nacional-alto-a-la-guerra-contra-los-pueblos-zapatistas\/ COMUNIDAD NAHUA DE SANTA MAR\u00cdA OSTULA BAJO ATAQUE DEL CRIMEN ORGANIZADO \u00a1Exigimos acci\u00f3n inmediata para desarticular los grupos criminales! &nbsp;\u00a1Exigimos respeto a la libre determinaci\u00f3n de la comunidad Nahua de Santa Mar\u00eda Ostula! Un pueblo en resistencia: la historia de lucha de Santa Mar\u00eda Ostula Los abajo firmantes [&hellip;]<\/p>\n","protected":false},"author":3,"featured_media":0,"comment_status":"closed","ping_status":"open","sticky":false,"template":"","format":"standard","meta":{"footnotes":""},"categories":[31,32],"tags":[],"class_list":["post-3615","post","type-post","status-publish","format-standard","hentry","category-actividades","category-aktibitateak"],"blocksy_meta":[],"aioseo_notices":[],"_links":{"self":[{"href":"https:\/\/www.lumaltik.org\/eu\/wp-json\/wp\/v2\/posts\/3615","targetHints":{"allow":["GET"]}}],"collection":[{"href":"https:\/\/www.lumaltik.org\/eu\/wp-json\/wp\/v2\/posts"}],"about":[{"href":"https:\/\/www.lumaltik.org\/eu\/wp-json\/wp\/v2\/types\/post"}],"author":[{"embeddable":true,"href":"https:\/\/www.lumaltik.org\/eu\/wp-json\/wp\/v2\/users\/3"}],"replies":[{"embeddable":true,"href":"https:\/\/www.lumaltik.org\/eu\/wp-json\/wp\/v2\/comments?post=3615"}],"version-history":[{"count":0,"href":"https:\/\/www.lumaltik.org\/eu\/wp-json\/wp\/v2\/posts\/3615\/revisions"}],"wp:attachment":[{"href":"https:\/\/www.lumaltik.org\/eu\/wp-json\/wp\/v2\/media?parent=3615"}],"wp:term":[{"taxonomy":"category","embeddable":true,"href":"https:\/\/www.lumaltik.org\/eu\/wp-json\/wp\/v2\/categories?post=3615"},{"taxonomy":"post_tag","embeddable":true,"href":"https:\/\/www.lumaltik.org\/eu\/wp-json\/wp\/v2\/tags?post=3615"}],"curies":[{"name":"wp","href":"https:\/\/api.w.org\/{rel}","templated":true}]}}