{"id":3534,"date":"2024-04-13T15:44:00","date_gmt":"2024-04-13T15:44:00","guid":{"rendered":"https:\/\/www.lumaltik.org\/?p=3534"},"modified":"2024-04-15T15:47:34","modified_gmt":"2024-04-15T15:47:34","slug":"centro-formativo-otxaroaga-causas-y-consecuencias-del-modelo-economico","status":"publish","type":"post","link":"https:\/\/www.lumaltik.org\/eu\/2024\/04\/centro-formativo-otxaroaga-causas-y-consecuencias-del-modelo-economico\/","title":{"rendered":"Centro Formativo Otxaroaga. Causas y consecuencias del modelo econ\u00f3mico"},"content":{"rendered":"\n<p><strong>Alumnado del CFO participa en talleres sobre las causas y consecuencias del actual modelo de desarrollo.<\/strong><\/p>\n\n\n\n<p>Este 12 de abril alumnado de FP del Centro Formativo Otxarkoaga (CFO) particip\u00f3 en una jornada formativa con diferentes talleres sobre las causas y consecuencias (sobre las personas y sobre el medio ambiente ) del modelo de desarrollo imperante, as\u00ed como del acuerdo (e inactividad) de la comunidad internacional para con la Agenda 2030 y la necesidad de generar una respuesta civil ante la falta de expectativas futuras.<\/p>\n\n\n\n<p>Dado que el taller se realiz\u00f3 el d\u00eda siguiente a la celebraci\u00f3n del t\u00edtulo copero por parte del Athletic de Bilbao y que gran parte del alumnado estaba muy motivado con la tem\u00e1tica, el taller comenz\u00f3 con un di\u00e1logo en el que se vincul\u00f3 las celebraciones de la \u201cGabarra\u201d y la influencia de inversores minero ingleses con el Athletic desde su creaci\u00f3n a finales del siglo XIX, con el pasado industrial y minero de la cuenta del r\u00edo Nervi\u00f3n desde entonces hasta comienzos de los 80, y las consecuencias sobre el medio ambiente y sobre las personas, especialmente del Sur Global, que ha generado este modelo de desarrollo imperante en el Norte Global.<\/p>\n\n\n\n<p><a><\/a> Posteriormente realizaron el juego online de la CONGD de Euskadi \u201cMugi T\u00fa\u201d, con el que pudieron medir sus conocimientos sobre la diversidad en Euskadi. Finalmente, a trav\u00e9s de herramientas digitales como \u201cMenti-m\u00e9ter\u201d o \u201cKahoot\u201d adquirieron conocimientos sobre los 5 primeros ODS de la Agenda 2030 vinculados a la esfera humana de dicha agenda, concluyendo en un compromiso personal por impulsar un cambio de modelo socio-productivo.<\/p>\n","protected":false},"excerpt":{"rendered":"<p>Alumnado del CFO participa en talleres sobre las causas y consecuencias del actual modelo de desarrollo. Este 12 de abril alumnado de FP del Centro Formativo Otxarkoaga (CFO) particip\u00f3 en una jornada formativa con diferentes talleres sobre las causas y consecuencias (sobre las personas y sobre el medio ambiente ) del modelo de desarrollo imperante, [&hellip;]<\/p>\n","protected":false},"author":3,"featured_media":3535,"comment_status":"closed","ping_status":"open","sticky":false,"template":"","format":"standard","meta":{"footnotes":""},"categories":[31],"tags":[],"class_list":["post-3534","post","type-post","status-publish","format-standard","has-post-thumbnail","hentry","category-actividades"],"blocksy_meta":[],"aioseo_notices":[],"_links":{"self":[{"href":"https:\/\/www.lumaltik.org\/eu\/wp-json\/wp\/v2\/posts\/3534","targetHints":{"allow":["GET"]}}],"collection":[{"href":"https:\/\/www.lumaltik.org\/eu\/wp-json\/wp\/v2\/posts"}],"about":[{"href":"https:\/\/www.lumaltik.org\/eu\/wp-json\/wp\/v2\/types\/post"}],"author":[{"embeddable":true,"href":"https:\/\/www.lumaltik.org\/eu\/wp-json\/wp\/v2\/users\/3"}],"replies":[{"embeddable":true,"href":"https:\/\/www.lumaltik.org\/eu\/wp-json\/wp\/v2\/comments?post=3534"}],"version-history":[{"count":0,"href":"https:\/\/www.lumaltik.org\/eu\/wp-json\/wp\/v2\/posts\/3534\/revisions"}],"wp:featuredmedia":[{"embeddable":true,"href":"https:\/\/www.lumaltik.org\/eu\/wp-json\/wp\/v2\/media\/3535"}],"wp:attachment":[{"href":"https:\/\/www.lumaltik.org\/eu\/wp-json\/wp\/v2\/media?parent=3534"}],"wp:term":[{"taxonomy":"category","embeddable":true,"href":"https:\/\/www.lumaltik.org\/eu\/wp-json\/wp\/v2\/categories?post=3534"},{"taxonomy":"post_tag","embeddable":true,"href":"https:\/\/www.lumaltik.org\/eu\/wp-json\/wp\/v2\/tags?post=3534"}],"curies":[{"name":"wp","href":"https:\/\/api.w.org\/{rel}","templated":true}]}}