{"id":3525,"date":"2023-12-27T10:56:00","date_gmt":"2023-12-27T10:56:00","guid":{"rendered":"https:\/\/www.lumaltik.org\/eu\/2023\/12\/emakume-migratuak-bilbao-mujeres-migradas\/"},"modified":"2023-12-27T10:56:00","modified_gmt":"2023-12-27T10:56:00","slug":"emakume-migratuak-bilbao-mujeres-migradas","status":"publish","type":"post","link":"https:\/\/www.lumaltik.org\/eu\/2023\/12\/emakume-migratuak-bilbao-mujeres-migradas\/","title":{"rendered":"Emakume Migratuak. Bilbao. Mujeres Migradas"},"content":{"rendered":"\n<p><strong>Lumaltik Herriak y La Posada de los Abrazos se unen en Bilbao en defensa de los derechos de las mujeres migradas<\/strong><\/p>\n\n\n\n<p>Durante el a\u00f1o 2023 Lumaltik Herriak, en colaboraci\u00f3n con la Asociaci\u00f3n la Posada de los Abrazos y con el apoyo del Ayuntamiento de Bilbao, llev\u00f3 a cabo un ciclo de conferencias sobre los derechos de las mujeres migradas, actividad que sirve como estrategia para visibilizar la situaci\u00f3n de exclusi\u00f3n en la que viven vinculada a la interseccionalidad de las opresiones por g\u00e9nero, condici\u00f3n social, nacionalidad o por ser racializadas, entre otras situaci\u00f3n de opresi\u00f3n que desemboca en un estado de vulnerabilidad social, laboral y emocional.<\/p>\n\n\n\n<p>En total se realizaron 6 encuentros en los barrios de Errekalde, Irala, Basarrate, Casta\u00f1os y San Francisco, donde adem\u00e1s se cont\u00f3 con la participaci\u00f3n de los colectivos feministas Zutitzen, La Kora, Bagabiltza, Histeria y Koloretze, as\u00ed como con la Asociaci\u00f3n de Madres y Padres de Alumnos (AMPA) del IES Eskurtze BHI. En estos encuentros participaron mujeres migradas que pudieron exponer las diferentes situaciones a las que tienen que hacer frente en el d\u00eda a d\u00eda para salir adelante.<\/p>\n\n\n\n<p>Las historias contadas por estas mujeres, aunque difieren en las causas que las llevaron a tomar la decisi\u00f3n de migrar y en el medio a trav\u00e9s del cual llegaron al Estado Espa\u00f1ol, coinciden en las trabas legales que les imposibilita acceder al permiso de residencia. Esta limitaci\u00f3n, a su vez, les impide acceder a una contrataci\u00f3n laboral y contar con una n\u00f3mina para poder acceder a un piso donde residir dignamente y obtener un certificado de empadronamiento que les facilite regularizar su situaci\u00f3n legal y tener acceso a diferentes derechos sociales que le permitan tener una vida digna.<\/p>\n\n\n\n<p>Con una sencilla din\u00e1mica las participantes de estos encuentros pudieron comprobar que lo que normalmente vemos como nuestros derechos se transformaban en privilegios al no tener acceso a los mismos otras mujeres; disponer de una vivienda y un sueldo digno, disfrutar de una jubilaci\u00f3n luego de tantos a\u00f1os trabajando, de irse de vacaciones, transitar libremente sin miedo a ser detenida\u2026 Privadas incluso del derecho estar rodeada de familiares y seres queridos, discriminadas y\/o estigmatizado por su cultura, origen, por tener rasgos racializados o por tener un acento diferente.<\/p>\n\n\n\n<p>Pero ese desamparo legal va mucho m\u00e1s all\u00e1, dej\u00e1ndolas a su suerte ante la violencia machista y abusos sexuales, porque sienten que una mujer migrada, sin papeles, no puede permitirse entrar en comisar\u00eda a presentar una denuncia.<\/p>\n\n\n\n<p>Visibilizar la realidad que vive la mujer migrada es crucial para sensibilizar a la sociedad, e incorporar la reivindicaci\u00f3n de esos derechos a la lucha feminista, aunque hoy por hoy, ellas solo nos piden no les hagamos el vac\u00edo, que las escuchemos, que no las escrutemos como si ocultaran algo o fueran delincuentes, y que no las miremos con desprecio o con l\u00e1stima.<\/p>\n","protected":false},"excerpt":{"rendered":"<p>Lumaltik Herriak y La Posada de los Abrazos se unen en Bilbao en defensa de los derechos de las mujeres migradas Durante el a\u00f1o 2023 Lumaltik Herriak, en colaboraci\u00f3n con la Asociaci\u00f3n la Posada de los Abrazos y con el apoyo del Ayuntamiento de Bilbao, llev\u00f3 a cabo un ciclo de conferencias sobre los derechos [&hellip;]<\/p>\n","protected":false},"author":3,"featured_media":0,"comment_status":"closed","ping_status":"open","sticky":false,"template":"","format":"standard","meta":{"footnotes":""},"categories":[],"tags":[],"class_list":["post-3525","post","type-post","status-publish","format-standard","hentry"],"blocksy_meta":[],"aioseo_notices":[],"_links":{"self":[{"href":"https:\/\/www.lumaltik.org\/eu\/wp-json\/wp\/v2\/posts\/3525","targetHints":{"allow":["GET"]}}],"collection":[{"href":"https:\/\/www.lumaltik.org\/eu\/wp-json\/wp\/v2\/posts"}],"about":[{"href":"https:\/\/www.lumaltik.org\/eu\/wp-json\/wp\/v2\/types\/post"}],"author":[{"embeddable":true,"href":"https:\/\/www.lumaltik.org\/eu\/wp-json\/wp\/v2\/users\/3"}],"replies":[{"embeddable":true,"href":"https:\/\/www.lumaltik.org\/eu\/wp-json\/wp\/v2\/comments?post=3525"}],"version-history":[{"count":0,"href":"https:\/\/www.lumaltik.org\/eu\/wp-json\/wp\/v2\/posts\/3525\/revisions"}],"wp:attachment":[{"href":"https:\/\/www.lumaltik.org\/eu\/wp-json\/wp\/v2\/media?parent=3525"}],"wp:term":[{"taxonomy":"category","embeddable":true,"href":"https:\/\/www.lumaltik.org\/eu\/wp-json\/wp\/v2\/categories?post=3525"},{"taxonomy":"post_tag","embeddable":true,"href":"https:\/\/www.lumaltik.org\/eu\/wp-json\/wp\/v2\/tags?post=3525"}],"curies":[{"name":"wp","href":"https:\/\/api.w.org\/{rel}","templated":true}]}}