{"id":3364,"date":"2023-10-08T07:13:36","date_gmt":"2023-10-08T07:13:36","guid":{"rendered":"https:\/\/www.lumaltik.org\/eu\/2023\/10\/dokumentala-ja-uraren-krisia-chiapasen-2\/"},"modified":"2023-10-08T09:03:26","modified_gmt":"2023-10-08T09:03:26","slug":"dokumentala-ja-uraren-krisia-chiapasen-2","status":"publish","type":"post","link":"https:\/\/www.lumaltik.org\/eu\/2023\/10\/dokumentala-ja-uraren-krisia-chiapasen-2\/","title":{"rendered":"DOKUMENTALA: JA&#8217; URAREN KRISIA CHIAPASEN"},"content":{"rendered":"\n<p><strong>JA\u2019 LA CRISIS DEL AGUA EN CHIAPAS<\/strong><\/p>\n\n\n\n<p>Chiapasek Mexikoko ur gezaren 45% du. Chiapasen milloi bat familiak baino gehiagok ez dute ur korronterik.<\/p>\n\n\n\n<p>Dokumental honetan, uraren krisiaren, klima-aldaketaren, kutsaduraren edo pribatizazioaren atzean dauden eragileak salatzen dituzten herritarren elkarrizketak eta testigantzak jasotzen dira.<\/p>\n\n\n\n<p>2023ko urriaren 17 Frantzisko gizarte etxean 19.00 #Bilbo<\/p>\n\n\n\n<p>Aitziber Jimenez de Aberasturiren parte-hartzearekin<\/p>\n\n\n\n<p><\/p>\n\n\n\n<p>Chiapas posee el 45% del agua dulce de M\u00e9xico. M\u00e1s de un mill\u00f3n de familias en Chiapas no tienen agua corriente.<\/p>\n\n\n\n<p>En este documental se recogen entrevistas y testimonios de ciudadanos que denuncian a aquellos agentes que est\u00e1n detr\u00e1s de la crisis del agua, el cambio clim\u00e1tico, la contaminaci\u00f3n o la privatizaci\u00f3n, entre otras muchas.<\/p>\n\n\n\n<p>17 de octubre de 2023 Centro C\u00edvico de San Francisco 19.00. #Bilbao<\/p>\n\n\n\n<p>Con la participaci\u00f3n de Aitziber Jimenez de Aberasturi<\/p>\n\n\n\n<p><\/p>\n\n\n\n<p>El documental tambi\u00e9n se presentar\u00e1 en Iru\u00f1a (18 de octubre. Zabaldi 19:00) y Donosti (26 de octubre. Kaxilda 18:30)<\/p>\n","protected":false},"excerpt":{"rendered":"<p>JA\u2019 LA CRISIS DEL AGUA EN CHIAPAS Chiapasek Mexikoko ur gezaren 45% du. Chiapasen milloi bat familiak baino gehiagok ez dute ur korronterik. Dokumental honetan, uraren krisiaren, klima-aldaketaren, kutsaduraren edo pribatizazioaren atzean dauden eragileak salatzen dituzten herritarren elkarrizketak eta testigantzak jasotzen dira. 2023ko urriaren 17 Frantzisko gizarte etxean 19.00 #Bilbo Aitziber Jimenez de Aberasturiren parte-hartzearekin [&hellip;]<\/p>\n","protected":false},"author":3,"featured_media":3360,"comment_status":"closed","ping_status":"open","sticky":false,"template":"","format":"standard","meta":{"footnotes":""},"categories":[32,8],"tags":[],"class_list":["post-3364","post","type-post","status-publish","format-standard","has-post-thumbnail","hentry","category-aktibitateak","category-uncategorized"],"blocksy_meta":[],"aioseo_notices":[],"_links":{"self":[{"href":"https:\/\/www.lumaltik.org\/eu\/wp-json\/wp\/v2\/posts\/3364","targetHints":{"allow":["GET"]}}],"collection":[{"href":"https:\/\/www.lumaltik.org\/eu\/wp-json\/wp\/v2\/posts"}],"about":[{"href":"https:\/\/www.lumaltik.org\/eu\/wp-json\/wp\/v2\/types\/post"}],"author":[{"embeddable":true,"href":"https:\/\/www.lumaltik.org\/eu\/wp-json\/wp\/v2\/users\/3"}],"replies":[{"embeddable":true,"href":"https:\/\/www.lumaltik.org\/eu\/wp-json\/wp\/v2\/comments?post=3364"}],"version-history":[{"count":0,"href":"https:\/\/www.lumaltik.org\/eu\/wp-json\/wp\/v2\/posts\/3364\/revisions"}],"wp:featuredmedia":[{"embeddable":true,"href":"https:\/\/www.lumaltik.org\/eu\/wp-json\/wp\/v2\/media\/3360"}],"wp:attachment":[{"href":"https:\/\/www.lumaltik.org\/eu\/wp-json\/wp\/v2\/media?parent=3364"}],"wp:term":[{"taxonomy":"category","embeddable":true,"href":"https:\/\/www.lumaltik.org\/eu\/wp-json\/wp\/v2\/categories?post=3364"},{"taxonomy":"post_tag","embeddable":true,"href":"https:\/\/www.lumaltik.org\/eu\/wp-json\/wp\/v2\/tags?post=3364"}],"curies":[{"name":"wp","href":"https:\/\/api.w.org\/{rel}","templated":true}]}}