{"id":3157,"date":"2023-01-16T16:37:36","date_gmt":"2023-01-16T16:37:36","guid":{"rendered":"https:\/\/www.lumaltik.org\/eu\/?p=3157"},"modified":"2023-02-20T16:07:22","modified_gmt":"2023-02-20T16:07:22","slug":"libertad-a-los-presos-de-ades-santa-marta-en-el-salvador","status":"publish","type":"post","link":"https:\/\/www.lumaltik.org\/eu\/2023\/01\/libertad-a-los-presos-de-ades-santa-marta-en-el-salvador\/","title":{"rendered":"El Salvadorko Ades &#8211; Santa Martako presoei askatasuna"},"content":{"rendered":"\n<p><\/p>\n\n\n\n<p>Gizarte-erakunde bazara eta elkartasun komunikatuarekin bat egin nahi duzu, idatzi mezu bat info@lumaltik.org helbidera<\/p>\n\n\n\n<p><\/p>\n\n\n\n<p>KOMUNIKATUA<\/p>\n\n\n\n<p><strong>Gure elkartasuna eta aitortza ADES elkarteari eta Santa Marta komunitateari<\/strong><\/p>\n\n\n\n<p>ADES Santa Marta elkarteko eta El Salvadorreko Santa Marta komunitateko lurraldearen defendatzaileen kriminalizazio eta atxiloketen aurrean, behean sinatzen dugun erakunde eta kolektiboek honako hau adierazi nahi diegu nazioarteko komunitateari eta giza eskubideen aldeko erakundeei:<\/p>\n\n\n\n<p>1.- Gure babes eta elkartasun osoa eman nahi diegu senide eta lagunei, Santa Marta komunitateari eta ADES Santa Marta elkarteari, herrialdeko departamentu pobretuenetako eta zaurgarrienetako batean garapen-proiektu integral bat bultzatzeko ezinbesteko eragile sozialak direla uste baitugu. Lurraldean elkarrekin egindako lanari esker eta nazioarteko elkartasuna ardatz, beren eskualdeko giza garapenaren indizerik altuenetako bat lortu dute, bai eta Giza Eskubideen eta lurraldearen defentsan antolaketa-maila zabalak ere.<\/p>\n\n\n\n<p>2.- Bake-akordioetatik 31 urtera, aitortzen dugu Santa Martako liderrek zeregin aktiboa dutela egia, justizia eta erreparazioa bilatzen. Izan ere, gatazka armatuan sarraskien eta Estatuaren zapalkuntzaren biktima izan diren komunitate gisa, irmo jokatu dute, bere historia ahazten duen eta ezagutzen ez duen herri batek hura errepikatzera kondenatuta dagoela sinisten dutenez gero.<\/p>\n\n\n\n<p>3.- Lurraldearen defentsan, ingurumen, emakumeen, LGTBI eta gazteen eskubideen defentsan eta 2017an meatzaritza metalikoa debekatzeko legearen onarpena ekarritako meatzaritza metalikorik gabeko lurralde baten defentsan egindako lana eta borroka zabaltzen, babesten eta laguntzen jarraituko dugu. Horrekin, Caba\u00f1aseko eta, oro har, herrialdeko biztanle guztientzat bizimodu duin, justu eta ekitatiborako baldintzak eraikitzea bilatuko dugu.<\/p>\n\n\n\n<p>4.- Adi gaude preso hartutako kideei, aske egon beharko luketen horiei. Giza eskubideen nazioarteko arauak errespetatuko dituen prozesu gardena eta lege nazionalei atxikitutakoa eskatzen dugu. Adi gaude El Salvadorreko Estatuak lurraldeko defendatzaileak eta gizarte-mugimenduetako erakundeak kriminalizatzeko, jazartzeko eta\/edo atxilotzeko ekintzak areagotu ditzakeela ikusita.<\/p>\n\n\n\n<p>Bilbo, 2023ko urtarrilaren 16a<\/p>\n\n\n\n<p><strong>EL SALVADOR <\/strong><\/p>\n\n\n\n<p>CRC Avanzando de la mano con las comunidades<\/p>\n\n\n\n<p><\/p>\n\n\n\n<p><strong>EUSKAL HERRIA<\/strong><\/p>\n\n\n\n<p>Mugarik Gabe<\/p>\n\n\n\n<p>Berdinak<\/p>\n\n\n\n<p>Ingenier\u00eda Sin fronteras Euskadi<\/p>\n\n\n\n<p>Komite internazionalistak<\/p>\n\n\n\n<p>Aplaneta<\/p>\n\n\n\n<p>Caritas Bizkaia<\/p>\n\n\n\n<p>Calala<\/p>\n\n\n\n<p>Lumaltik Herriak<\/p>\n\n\n\n<p>ADSIS<\/p>\n\n\n\n<p>3. Adina 3. Mundurako<\/p>\n\n\n\n<p>Paz con Dignidad<\/p>\n\n\n\n<p>Adeco<\/p>\n\n\n\n<p>Oscarte<\/p>\n\n\n\n<p>Mundubat<\/p>\n\n\n\n<p>Proclade<\/p>\n\n\n\n<p>KCD<\/p>\n\n\n\n<p>Euskadi Cuba<\/p>\n\n\n\n<p>Gernikatik Mundura<\/p>\n\n\n\n<p>Coordinadora de ONGD de Euskadi<\/p>\n\n\n\n<p>Komite Internazionalistak<\/p>\n\n\n\n<p>Basoa (Casa acogida defensoras derechos humanos)<\/p>\n\n\n\n<p>Elkartasuna Eraldatuz<\/p>\n\n\n\n<p>Hegoa, Instituto de Estudios sobre Desarrollo y Cooperaci\u00f3n Internacional <\/p>\n\n\n\n<p>Paz con Dignidad<\/p>\n\n\n\n<p>EKOPOL<\/p>\n\n\n\n<p>Pikara Magazine<\/p>\n\n\n\n<p>Ekologistak Martxan Gipuzkoa<\/p>\n\n\n\n<p><\/p>\n\n\n\n<p><strong>MADRID<\/strong><\/p>\n\n\n\n<p>Cedoz (centro de documentaci\u00f3n zapatista)<\/p>\n\n\n\n<p>Colectivo Y retiemble<\/p>\n\n\n\n<p><\/p>\n\n\n\n<p><strong>FINLANDIA<\/strong><\/p>\n\n\n\n<p>Colectivo Armadillo<\/p>\n\n\n\n<p><\/p>\n\n\n\n<p><strong>NORUEGA<\/strong> <\/p>\n\n\n\n<p>Comit\u00e9 Noruego de Solidaridad con Am\u00e9rica Latina<\/p>\n\n\n\n<p><\/p>\n\n\n\n<p><strong>CANADA<\/strong><\/p>\n\n\n\n<p>Fundaci\u00f3n Kenoli<\/p>\n\n\n\n<p><\/p>\n\n\n\n<p><strong>GRECIA<\/strong><\/p>\n\n\n\n<p>Colectivo calendario zapatista<\/p>\n\n\n\n<p><\/p>\n\n\n\n<p><strong>PORTUGAL<\/strong> <\/p>\n\n\n\n<p>SlumilCinko Portugal<\/p>\n\n\n\n<p><\/p>\n\n\n\n<p><strong>DINAMARCA<\/strong><\/p>\n\n\n\n<p>Comit\u00e9 Dan\u00e9s de Solidaridad con Centroam\u00e9rica (MAK)<\/p>\n\n\n\n<p>IF Mexicogruppen<\/p>\n","protected":false},"excerpt":{"rendered":"<p>Gizarte-erakunde bazara eta elkartasun komunikatuarekin bat egin nahi duzu, idatzi mezu bat info@lumaltik.org helbidera KOMUNIKATUA Gure elkartasuna eta aitortza ADES elkarteari eta Santa Marta komunitateari ADES Santa Marta elkarteko eta El Salvadorreko Santa Marta komunitateko lurraldearen defendatzaileen kriminalizazio eta atxiloketen aurrean, behean sinatzen dugun erakunde eta kolektiboek honako hau adierazi nahi diegu nazioarteko komunitateari eta [&hellip;]<\/p>\n","protected":false},"author":3,"featured_media":3158,"comment_status":"closed","ping_status":"open","sticky":false,"template":"","format":"standard","meta":{"footnotes":""},"categories":[32,22],"tags":[],"class_list":["post-3157","post","type-post","status-publish","format-standard","has-post-thumbnail","hentry","category-aktibitateak","category-comunicado"],"blocksy_meta":[],"aioseo_notices":[],"_links":{"self":[{"href":"https:\/\/www.lumaltik.org\/eu\/wp-json\/wp\/v2\/posts\/3157","targetHints":{"allow":["GET"]}}],"collection":[{"href":"https:\/\/www.lumaltik.org\/eu\/wp-json\/wp\/v2\/posts"}],"about":[{"href":"https:\/\/www.lumaltik.org\/eu\/wp-json\/wp\/v2\/types\/post"}],"author":[{"embeddable":true,"href":"https:\/\/www.lumaltik.org\/eu\/wp-json\/wp\/v2\/users\/3"}],"replies":[{"embeddable":true,"href":"https:\/\/www.lumaltik.org\/eu\/wp-json\/wp\/v2\/comments?post=3157"}],"version-history":[{"count":0,"href":"https:\/\/www.lumaltik.org\/eu\/wp-json\/wp\/v2\/posts\/3157\/revisions"}],"wp:featuredmedia":[{"embeddable":true,"href":"https:\/\/www.lumaltik.org\/eu\/wp-json\/wp\/v2\/media\/3158"}],"wp:attachment":[{"href":"https:\/\/www.lumaltik.org\/eu\/wp-json\/wp\/v2\/media?parent=3157"}],"wp:term":[{"taxonomy":"category","embeddable":true,"href":"https:\/\/www.lumaltik.org\/eu\/wp-json\/wp\/v2\/categories?post=3157"},{"taxonomy":"post_tag","embeddable":true,"href":"https:\/\/www.lumaltik.org\/eu\/wp-json\/wp\/v2\/tags?post=3157"}],"curies":[{"name":"wp","href":"https:\/\/api.w.org\/{rel}","templated":true}]}}