{"id":2891,"date":"2022-01-26T06:18:31","date_gmt":"2022-01-26T06:18:31","guid":{"rendered":"https:\/\/www.lumaltik.org\/eu\/2022\/01\/donosti-otsailak-9-jornada-internacional-alianzas-feministas-para-la-defensa-del-territorio\/"},"modified":"2022-01-26T08:13:54","modified_gmt":"2022-01-26T08:13:54","slug":"donosti-otsailak-9-jornada-internacional-alianzas-feministas-para-la-defensa-del-territorio","status":"publish","type":"post","link":"https:\/\/www.lumaltik.org\/eu\/2022\/01\/donosti-otsailak-9-jornada-internacional-alianzas-feministas-para-la-defensa-del-territorio\/","title":{"rendered":"Donosti Otsailak 9. Jornada internacional  &#8220;Alianzas feministas para la defensa del territorio &#8220;"},"content":{"rendered":"\n<p><strong>Jornada internacional &#8220;Alianzas feministas para la defensa del territorio &#8220;<\/strong><\/p>\n\n\n\n<p>\ud83d\udcc6 Mi\u00e9rcoles 9 de febrero.<\/p>\n\n\n\n<p>\ud83d\udd5017:30h &#8211; 20:30h<br>\ud83d\udccdOkendo Kultur Etxea (Donostia)<br>\ud83d\udcdd Acceso libre hasta completar aforo (prioridad quien se inscriba en la lista) <a href=\"https:\/\/forms.gle\/CwaEe6sCgA5tQvQ39\">https:\/\/forms.gle\/CwaEe6sCgA5tQvQ39<\/a><\/p>\n\n\n\n<p>Junto con compa\u00f1eras de Mesoam\u00e9rica, compartiremos experiencias y buenas pr\u00e1cticas para contribuir a ubicar los cuidados en el centro de los procesos de defensa del territorio.Nos interesa explorar las conexiones entre migraciones, desplazamientos forzados y una defensa feminista del territorio. Tambi\u00e9n, pensar en c\u00f3mo las organizaciones nos relacionamos, tanto en lo interno como con las otras, para construir alianzas desde la sororidad. Queremos aportar a la construcci\u00f3n de estrategias y alianzas entre mujeres diversas, desde el reconocimiento de la interseccionalidad y el cuestionamiento de los privilegios.<\/p>\n\n\n\n<p><\/p>\n\n\n\n<p>Para cualquier duda pod\u00e9is escribirnos a: <a href=\"mailto:hezkuntza@lumaltik.org\" target=\"_blank\" rel=\"noreferrer noopener\">hezkuntza@lumaltik.org<\/a><\/p>\n\n\n\n<p>Nos encantar\u00eda contar con vuestra participaci\u00f3n. \u00a1Os esperamos!<\/p>\n\n\n\n<p>Un abrazo solidario,<\/p>\n","protected":false},"excerpt":{"rendered":"<p>Jornada internacional &#8220;Alianzas feministas para la defensa del territorio &#8220; \ud83d\udcc6 Mi\u00e9rcoles 9 de febrero. \ud83d\udd5017:30h &#8211; 20:30h\ud83d\udccdOkendo Kultur Etxea (Donostia)\ud83d\udcdd Acceso libre hasta completar aforo (prioridad quien se inscriba en la lista) https:\/\/forms.gle\/CwaEe6sCgA5tQvQ39 Junto con compa\u00f1eras de Mesoam\u00e9rica, compartiremos experiencias y buenas pr\u00e1cticas para contribuir a ubicar los cuidados en el centro de los [&hellip;]<\/p>\n","protected":false},"author":3,"featured_media":2887,"comment_status":"closed","ping_status":"open","sticky":false,"template":"","format":"standard","meta":{"footnotes":""},"categories":[31,32,26],"tags":[],"class_list":["post-2891","post","type-post","status-publish","format-standard","has-post-thumbnail","hentry","category-actividades","category-aktibitateak","category-charla-eu"],"blocksy_meta":[],"aioseo_notices":[],"_links":{"self":[{"href":"https:\/\/www.lumaltik.org\/eu\/wp-json\/wp\/v2\/posts\/2891","targetHints":{"allow":["GET"]}}],"collection":[{"href":"https:\/\/www.lumaltik.org\/eu\/wp-json\/wp\/v2\/posts"}],"about":[{"href":"https:\/\/www.lumaltik.org\/eu\/wp-json\/wp\/v2\/types\/post"}],"author":[{"embeddable":true,"href":"https:\/\/www.lumaltik.org\/eu\/wp-json\/wp\/v2\/users\/3"}],"replies":[{"embeddable":true,"href":"https:\/\/www.lumaltik.org\/eu\/wp-json\/wp\/v2\/comments?post=2891"}],"version-history":[{"count":0,"href":"https:\/\/www.lumaltik.org\/eu\/wp-json\/wp\/v2\/posts\/2891\/revisions"}],"wp:featuredmedia":[{"embeddable":true,"href":"https:\/\/www.lumaltik.org\/eu\/wp-json\/wp\/v2\/media\/2887"}],"wp:attachment":[{"href":"https:\/\/www.lumaltik.org\/eu\/wp-json\/wp\/v2\/media?parent=2891"}],"wp:term":[{"taxonomy":"category","embeddable":true,"href":"https:\/\/www.lumaltik.org\/eu\/wp-json\/wp\/v2\/categories?post=2891"},{"taxonomy":"post_tag","embeddable":true,"href":"https:\/\/www.lumaltik.org\/eu\/wp-json\/wp\/v2\/tags?post=2891"}],"curies":[{"name":"wp","href":"https:\/\/api.w.org\/{rel}","templated":true}]}}