{"id":2832,"date":"2021-08-09T15:10:57","date_gmt":"2021-08-09T15:10:57","guid":{"rendered":"https:\/\/www.lumaltik.org\/eu\/2021\/08\/manifestacion-zapatista-en-madrid\/"},"modified":"2021-08-09T15:12:38","modified_gmt":"2021-08-09T15:12:38","slug":"manifestacion-zapatista-en-madrid","status":"publish","type":"post","link":"https:\/\/www.lumaltik.org\/eu\/2021\/08\/manifestacion-zapatista-en-madrid\/","title":{"rendered":"Manifestacion zapatista en Madrid"},"content":{"rendered":"\n<p>Este viernes, la Europa rebelde tiene una cita en Madrid con el escuadr\u00f3n <a href=\"https:\/\/www.facebook.com\/hashtag\/zapatista?__eep__=6&amp;__cft__[0]=AZWOMy9Gc-pEdQ_jJsn5zPNq6VdVPF-Z2mmE7bcQK9QYTBz0R93Q5BqAsNqEjA5DsI-5vEjyJgc5Ut8NSYVbNVN1kfqjQg9m6yl-r3dPsqKmhHsbdeHDU4nkp5ZhBLNgP5A-O32EEfk811BR7BM7rSA42doCPKAyd3_8iaCE8DLYjaIJWIkbauEJl8fUY09a7ek&amp;__tn__=*NK-R\">#zapatista<\/a> 421. 20:00 manifestaci\u00f3n de la Puerta del Sol a la Plaza de Col\u00f3n. 13 de Agosto, 2021, 500 a\u00f1os del inicio de la resistencia ind\u00edgena.<\/p>\n\n\n\n<p>Si quieres mas informaci\u00f3n o ponerte de acuerdo para el viaje, mandannos un email a info@lumaltik.org <a href=\"https:\/\/www.facebook.com\/hashtag\/nonosconquistaron?__eep__=6&amp;__cft__[0]=AZWOMy9Gc-pEdQ_jJsn5zPNq6VdVPF-Z2mmE7bcQK9QYTBz0R93Q5BqAsNqEjA5DsI-5vEjyJgc5Ut8NSYVbNVN1kfqjQg9m6yl-r3dPsqKmhHsbdeHDU4nkp5ZhBLNgP5A-O32EEfk811BR7BM7rSA42doCPKAyd3_8iaCE8DLYjaIJWIkbauEJl8fUY09a7ek&amp;__tn__=*NK-R\">#NoNosConquistaron<\/a><\/p>\n\n\n\n<p><a href=\"https:\/\/www.facebook.com\/hashtag\/lagirazapatistava?__eep__=6&amp;__cft__[0]=AZWOMy9Gc-pEdQ_jJsn5zPNq6VdVPF-Z2mmE7bcQK9QYTBz0R93Q5BqAsNqEjA5DsI-5vEjyJgc5Ut8NSYVbNVN1kfqjQg9m6yl-r3dPsqKmhHsbdeHDU4nkp5ZhBLNgP5A-O32EEfk811BR7BM7rSA42doCPKAyd3_8iaCE8DLYjaIJWIkbauEJl8fUY09a7ek&amp;__tn__=*NK-R\">#LaGiraZapatistaVa<\/a><\/p>\n\n\n\n<p><a href=\"https:\/\/www.facebook.com\/hashtag\/tierrainsumisa?__eep__=6&amp;__cft__[0]=AZWOMy9Gc-pEdQ_jJsn5zPNq6VdVPF-Z2mmE7bcQK9QYTBz0R93Q5BqAsNqEjA5DsI-5vEjyJgc5Ut8NSYVbNVN1kfqjQg9m6yl-r3dPsqKmhHsbdeHDU4nkp5ZhBLNgP5A-O32EEfk811BR7BM7rSA42doCPKAyd3_8iaCE8DLYjaIJWIkbauEJl8fUY09a7ek&amp;__tn__=*NK-R\">#TierraInsumisa<\/a><\/p>\n\n\n\n<p><a href=\"https:\/\/www.facebook.com\/hashtag\/noclaudicaremos?__eep__=6&amp;__cft__[0]=AZWOMy9Gc-pEdQ_jJsn5zPNq6VdVPF-Z2mmE7bcQK9QYTBz0R93Q5BqAsNqEjA5DsI-5vEjyJgc5Ut8NSYVbNVN1kfqjQg9m6yl-r3dPsqKmhHsbdeHDU4nkp5ZhBLNgP5A-O32EEfk811BR7BM7rSA42doCPKAyd3_8iaCE8DLYjaIJWIkbauEJl8fUY09a7ek&amp;__tn__=*NK-R\">#NoClaudicaremos<\/a><\/p>\n","protected":false},"excerpt":{"rendered":"<p>Este viernes, la Europa rebelde tiene una cita en Madrid con el escuadr\u00f3n #zapatista 421. 20:00 manifestaci\u00f3n de la Puerta del Sol a la Plaza de Col\u00f3n. 13 de Agosto, 2021, 500 a\u00f1os del inicio de la resistencia ind\u00edgena. Si quieres mas informaci\u00f3n o ponerte de acuerdo para el viaje, mandannos un email a info@lumaltik.org [&hellip;]<\/p>\n","protected":false},"author":3,"featured_media":2833,"comment_status":"closed","ping_status":"open","sticky":false,"template":"","format":"standard","meta":{"footnotes":""},"categories":[32,22],"tags":[],"class_list":["post-2832","post","type-post","status-publish","format-standard","has-post-thumbnail","hentry","category-aktibitateak","category-comunicado"],"blocksy_meta":[],"aioseo_notices":[],"_links":{"self":[{"href":"https:\/\/www.lumaltik.org\/eu\/wp-json\/wp\/v2\/posts\/2832","targetHints":{"allow":["GET"]}}],"collection":[{"href":"https:\/\/www.lumaltik.org\/eu\/wp-json\/wp\/v2\/posts"}],"about":[{"href":"https:\/\/www.lumaltik.org\/eu\/wp-json\/wp\/v2\/types\/post"}],"author":[{"embeddable":true,"href":"https:\/\/www.lumaltik.org\/eu\/wp-json\/wp\/v2\/users\/3"}],"replies":[{"embeddable":true,"href":"https:\/\/www.lumaltik.org\/eu\/wp-json\/wp\/v2\/comments?post=2832"}],"version-history":[{"count":0,"href":"https:\/\/www.lumaltik.org\/eu\/wp-json\/wp\/v2\/posts\/2832\/revisions"}],"wp:featuredmedia":[{"embeddable":true,"href":"https:\/\/www.lumaltik.org\/eu\/wp-json\/wp\/v2\/media\/2833"}],"wp:attachment":[{"href":"https:\/\/www.lumaltik.org\/eu\/wp-json\/wp\/v2\/media?parent=2832"}],"wp:term":[{"taxonomy":"category","embeddable":true,"href":"https:\/\/www.lumaltik.org\/eu\/wp-json\/wp\/v2\/categories?post=2832"},{"taxonomy":"post_tag","embeddable":true,"href":"https:\/\/www.lumaltik.org\/eu\/wp-json\/wp\/v2\/tags?post=2832"}],"curies":[{"name":"wp","href":"https:\/\/api.w.org\/{rel}","templated":true}]}}