{"id":2818,"date":"2021-07-17T15:00:57","date_gmt":"2021-07-17T15:00:57","guid":{"rendered":"https:\/\/www.lumaltik.org\/eu\/2021\/07\/solicitud-de-entrada-en-territorio-frances-de-una-delegacion-de-comunidades-de-pueblos-autoctonos-de-mexico-principalmente-zapatistas\/"},"modified":"2021-07-17T15:02:06","modified_gmt":"2021-07-17T15:02:06","slug":"solicitud-de-entrada-en-territorio-frances-de-una-delegacion-de-comunidades-de-pueblos-autoctonos-de-mexico-principalmente-zapatistas","status":"publish","type":"post","link":"https:\/\/www.lumaltik.org\/eu\/2021\/07\/solicitud-de-entrada-en-territorio-frances-de-una-delegacion-de-comunidades-de-pueblos-autoctonos-de-mexico-principalmente-zapatistas\/","title":{"rendered":"Solicitud De Entrada en Territorio Franc\u00e9s De Una Delegaci\u00f3n De Comunidades De Pueblos Aut\u00f3ctonos De M\u00e9xico, Principalmente Zapatistas"},"content":{"rendered":"\n<p>Lee la carta firmada por mas de 700 organizaciones, intelectuales, pol\u00edticos y artistas aqui: https:\/\/viajezapatista.eu\/es\/solicitud-de-entrada-en-territorio-frances-de-una-delegacion-de-comunidades-de-pueblos-autoctonos-de-mexico-principalmente-zapatistas\/ <\/p>\n","protected":false},"excerpt":{"rendered":"<p>Lee la carta firmada por mas de 700 organizaciones, intelectuales, pol\u00edticos y artistas aqui: https:\/\/viajezapatista.eu\/es\/solicitud-de-entrada-en-territorio-frances-de-una-delegacion-de-comunidades-de-pueblos-autoctonos-de-mexico-principalmente-zapatistas\/<\/p>\n","protected":false},"author":3,"featured_media":2815,"comment_status":"closed","ping_status":"open","sticky":false,"template":"","format":"standard","meta":{"footnotes":""},"categories":[31,32],"tags":[],"class_list":["post-2818","post","type-post","status-publish","format-standard","has-post-thumbnail","hentry","category-actividades","category-aktibitateak"],"blocksy_meta":[],"aioseo_notices":[],"_links":{"self":[{"href":"https:\/\/www.lumaltik.org\/eu\/wp-json\/wp\/v2\/posts\/2818","targetHints":{"allow":["GET"]}}],"collection":[{"href":"https:\/\/www.lumaltik.org\/eu\/wp-json\/wp\/v2\/posts"}],"about":[{"href":"https:\/\/www.lumaltik.org\/eu\/wp-json\/wp\/v2\/types\/post"}],"author":[{"embeddable":true,"href":"https:\/\/www.lumaltik.org\/eu\/wp-json\/wp\/v2\/users\/3"}],"replies":[{"embeddable":true,"href":"https:\/\/www.lumaltik.org\/eu\/wp-json\/wp\/v2\/comments?post=2818"}],"version-history":[{"count":0,"href":"https:\/\/www.lumaltik.org\/eu\/wp-json\/wp\/v2\/posts\/2818\/revisions"}],"wp:featuredmedia":[{"embeddable":true,"href":"https:\/\/www.lumaltik.org\/eu\/wp-json\/wp\/v2\/media\/2815"}],"wp:attachment":[{"href":"https:\/\/www.lumaltik.org\/eu\/wp-json\/wp\/v2\/media?parent=2818"}],"wp:term":[{"taxonomy":"category","embeddable":true,"href":"https:\/\/www.lumaltik.org\/eu\/wp-json\/wp\/v2\/categories?post=2818"},{"taxonomy":"post_tag","embeddable":true,"href":"https:\/\/www.lumaltik.org\/eu\/wp-json\/wp\/v2\/tags?post=2818"}],"curies":[{"name":"wp","href":"https:\/\/api.w.org\/{rel}","templated":true}]}}