{"id":2727,"date":"2021-03-12T13:40:28","date_gmt":"2021-03-12T13:40:28","guid":{"rendered":"https:\/\/www.lumaltik.org\/eu\/2021\/03\/denunciamos-las-agresiones-paramilitares-del-grupo-paramilitar-los-ardillos-contra-el-consejo-indigena-y-popular-de-guerrero-emiliano-zapata-cipog-ez\/"},"modified":"2021-03-12T17:12:59","modified_gmt":"2021-03-12T17:12:59","slug":"denunciamos-las-agresiones-paramilitares-del-grupo-paramilitar-los-ardillos-contra-el-consejo-indigena-y-popular-de-guerrero-emiliano-zapata-cipog-ez","status":"publish","type":"post","link":"https:\/\/www.lumaltik.org\/eu\/2021\/03\/denunciamos-las-agresiones-paramilitares-del-grupo-paramilitar-los-ardillos-contra-el-consejo-indigena-y-popular-de-guerrero-emiliano-zapata-cipog-ez\/","title":{"rendered":"DENUNCIAMOS LAS AGRESIONES PARAMILITARES DEL GRUPO PARAMILITAR \u201cLOS ARDILLOS\u201d CONTRA EL CONSEJO IND\u00cdGENA Y POPULAR DE GUERRERO \u2013 EMILIANO ZAPATA (CIPOG \u2013 EZ)"},"content":{"rendered":"\n<p>M\u00e1s de 110 organizaciones de 19 pa\u00edses europeos denunciamos esta agresi\u00f3n paramilitar. <\/p>\n\n\n\n<p>Lee la denuncia aqu\u00ed: <\/p>\n\n\n\n<p><blockquote class=\"wp-embedded-content\" data-secret=\"KXSwJG1A6K\"><a href=\"https:\/\/viajezapatista.eu\/es\/denunciamos-las-agresiones-paramilitares-del-grupo-paramilitar-los-ardillos-contra-el-consejo-indigena-y-popular-de-guerrero-emiliano-zapata-cipog-ez\/\">Denunciamos Las Agresiones Paramilitares Del Grupo Paramilitar \u201clos Ardillos\u201d Contra El Consejo Ind\u00edgena Y Popular De Guerrero \u2013 Emiliano Zapata (CIPOG-EZ)<\/a><\/blockquote><iframe loading=\"lazy\" class=\"wp-embedded-content\" sandbox=\"allow-scripts\" security=\"restricted\" style=\"position: absolute; visibility: hidden;\" title=\"\u00abDenunciamos Las Agresiones Paramilitares Del Grupo Paramilitar \u201clos Ardillos\u201d Contra El Consejo Ind\u00edgena Y Popular De Guerrero \u2013 Emiliano Zapata (CIPOG-EZ)\u00bb \u2014 VIAJE ZAPATISTA\" src=\"https:\/\/viajezapatista.eu\/es\/denunciamos-las-agresiones-paramilitares-del-grupo-paramilitar-los-ardillos-contra-el-consejo-indigena-y-popular-de-guerrero-emiliano-zapata-cipog-ez\/embed\/#?secret=apm5XIfhU9#?secret=KXSwJG1A6K\" data-secret=\"KXSwJG1A6K\" width=\"600\" height=\"338\" frameborder=\"0\" marginwidth=\"0\" marginheight=\"0\" scrolling=\"no\"><\/iframe> <\/p>\n\n\n\n<p>Si quieres firmar la denuncia escribe a: denuncias@viajezapatista.eu<\/p>\n","protected":false},"excerpt":{"rendered":"<p>M\u00e1s de 110 organizaciones de 19 pa\u00edses europeos denunciamos esta agresi\u00f3n paramilitar. Lee la denuncia aqu\u00ed: Denunciamos Las Agresiones Paramilitares Del Grupo Paramilitar \u201clos Ardillos\u201d Contra El Consejo Ind\u00edgena Y Popular De Guerrero \u2013 Emiliano Zapata (CIPOG-EZ) Si quieres firmar la denuncia escribe a: denuncias@viajezapatista.eu<\/p>\n","protected":false},"author":3,"featured_media":2723,"comment_status":"closed","ping_status":"open","sticky":false,"template":"","format":"standard","meta":{"footnotes":""},"categories":[32,22],"tags":[],"class_list":["post-2727","post","type-post","status-publish","format-standard","has-post-thumbnail","hentry","category-aktibitateak","category-comunicado"],"blocksy_meta":[],"aioseo_notices":[],"_links":{"self":[{"href":"https:\/\/www.lumaltik.org\/eu\/wp-json\/wp\/v2\/posts\/2727","targetHints":{"allow":["GET"]}}],"collection":[{"href":"https:\/\/www.lumaltik.org\/eu\/wp-json\/wp\/v2\/posts"}],"about":[{"href":"https:\/\/www.lumaltik.org\/eu\/wp-json\/wp\/v2\/types\/post"}],"author":[{"embeddable":true,"href":"https:\/\/www.lumaltik.org\/eu\/wp-json\/wp\/v2\/users\/3"}],"replies":[{"embeddable":true,"href":"https:\/\/www.lumaltik.org\/eu\/wp-json\/wp\/v2\/comments?post=2727"}],"version-history":[{"count":0,"href":"https:\/\/www.lumaltik.org\/eu\/wp-json\/wp\/v2\/posts\/2727\/revisions"}],"wp:featuredmedia":[{"embeddable":true,"href":"https:\/\/www.lumaltik.org\/eu\/wp-json\/wp\/v2\/media\/2723"}],"wp:attachment":[{"href":"https:\/\/www.lumaltik.org\/eu\/wp-json\/wp\/v2\/media?parent=2727"}],"wp:term":[{"taxonomy":"category","embeddable":true,"href":"https:\/\/www.lumaltik.org\/eu\/wp-json\/wp\/v2\/categories?post=2727"},{"taxonomy":"post_tag","embeddable":true,"href":"https:\/\/www.lumaltik.org\/eu\/wp-json\/wp\/v2\/tags?post=2727"}],"curies":[{"name":"wp","href":"https:\/\/api.w.org\/{rel}","templated":true}]}}