{"id":2719,"date":"2021-03-01T04:52:13","date_gmt":"2021-03-01T04:52:13","guid":{"rendered":"https:\/\/www.lumaltik.org\/eu\/2021\/03\/no-a-la-guerra-contra-el-pueblo-mapuche\/"},"modified":"2021-03-01T04:53:27","modified_gmt":"2021-03-01T04:53:27","slug":"no-a-la-guerra-contra-el-pueblo-mapuche","status":"publish","type":"post","link":"https:\/\/www.lumaltik.org\/eu\/2021\/03\/no-a-la-guerra-contra-el-pueblo-mapuche\/","title":{"rendered":"No a la guerra contra el pueblo Mapuche"},"content":{"rendered":"\n<p>Los siglos de exclusi\u00f3n y muerte han hecho que la lucha del pueblo mapuche sea imposible de subordinar a la institucionalidad. En lugar de levantar un mundo posible que exprese la autonom\u00eda e independencia de las comunidades, el poder estatal se muestra como la herramienta de los colonos.<\/p>\n\n\n\n<p>Durante los \u00faltimos meses, las comunidades mapuche levantaron un nuevo ciclo de resistencia para liberar a prisioneros por motivos pol\u00edticos de Wallmapu. Ante eso, el gobierno de Sebasti\u00e1n Pi\u00f1era, cuestionado internacionalmente por las violaciones a derechos humanos, ha propuesto aumentar las atribuciones a las fuerzas represivas y militarizar la zona.<\/p>\n\n\n\n<p>Los partidos pol\u00edticos oficialistas, desde la centro derecha hasta radicales ultraderechistas, est\u00e1n presionando para declarar Estado de Sitio bajo la excusa pinochetista de la \u201cguerra interna\u201d. Tal declaraci\u00f3n implicar\u00eda suspender derechos constitucionales, detenciones irregulares, control militar total de Wallmapu y el cese de la competencia de tribunales civiles. Por su parte, el gobierno de Pi\u00f1era ha sostenido que no descarta esa medida.<\/p>\n\n\n\n<p>Ante eso, las organizaciones firmantes denunciamos que esto implicar\u00eda una declaraci\u00f3n formal de guerra al pueblo ancestral. As\u00ed, podr\u00eda dejar a las resistencias sin alternativa m\u00e1s que responder a las agresiones del Estado. Por eso, hacemos un llamado a detener la militarizaci\u00f3n y abrir un di\u00e1logo in\u00e9dito, el cual permita la autonom\u00eda pol\u00edtica y jur\u00eddica de la naci\u00f3n mapuche.<\/p>\n\n\n\n<ul class=\"wp-block-list\"><li>Red Chilena de Solidaridad Zapatista, Chile<\/li><li>Tejiendo Organizaci\u00f3n Revolucionaria (TOR), Mexico<\/li><li>Citizens Summons (CS), Alemania<\/li><li>Lumaltik Herriak, Euskal Herria<\/li><li>YRetiemble, Espa\u00f1a<\/li><li>Colectivo Derechos Humanos en Resistencia, Chile<\/li><li>Colectiva Aut\u00f3noma de Colaboraci\u00f3n<\/li><li>Red de apoyo y solidaridad con el CNI, Tlaxcala, Mexico.<\/li><\/ul>\n","protected":false},"excerpt":{"rendered":"<p>Los siglos de exclusi\u00f3n y muerte han hecho que la lucha del pueblo mapuche sea imposible de subordinar a la institucionalidad. En lugar de levantar un mundo posible que exprese la autonom\u00eda e independencia de las comunidades, el poder estatal se muestra como la herramienta de los colonos. Durante los \u00faltimos meses, las comunidades mapuche [&hellip;]<\/p>\n","protected":false},"author":3,"featured_media":2716,"comment_status":"closed","ping_status":"open","sticky":false,"template":"","format":"standard","meta":{"footnotes":""},"categories":[32,22],"tags":[],"class_list":["post-2719","post","type-post","status-publish","format-standard","has-post-thumbnail","hentry","category-aktibitateak","category-comunicado"],"blocksy_meta":[],"aioseo_notices":[],"_links":{"self":[{"href":"https:\/\/www.lumaltik.org\/eu\/wp-json\/wp\/v2\/posts\/2719","targetHints":{"allow":["GET"]}}],"collection":[{"href":"https:\/\/www.lumaltik.org\/eu\/wp-json\/wp\/v2\/posts"}],"about":[{"href":"https:\/\/www.lumaltik.org\/eu\/wp-json\/wp\/v2\/types\/post"}],"author":[{"embeddable":true,"href":"https:\/\/www.lumaltik.org\/eu\/wp-json\/wp\/v2\/users\/3"}],"replies":[{"embeddable":true,"href":"https:\/\/www.lumaltik.org\/eu\/wp-json\/wp\/v2\/comments?post=2719"}],"version-history":[{"count":0,"href":"https:\/\/www.lumaltik.org\/eu\/wp-json\/wp\/v2\/posts\/2719\/revisions"}],"wp:featuredmedia":[{"embeddable":true,"href":"https:\/\/www.lumaltik.org\/eu\/wp-json\/wp\/v2\/media\/2716"}],"wp:attachment":[{"href":"https:\/\/www.lumaltik.org\/eu\/wp-json\/wp\/v2\/media?parent=2719"}],"wp:term":[{"taxonomy":"category","embeddable":true,"href":"https:\/\/www.lumaltik.org\/eu\/wp-json\/wp\/v2\/categories?post=2719"},{"taxonomy":"post_tag","embeddable":true,"href":"https:\/\/www.lumaltik.org\/eu\/wp-json\/wp\/v2\/tags?post=2719"}],"curies":[{"name":"wp","href":"https:\/\/api.w.org\/{rel}","templated":true}]}}