{"id":2712,"date":"2021-02-24T17:10:23","date_gmt":"2021-02-24T17:10:23","guid":{"rendered":"https:\/\/www.lumaltik.org\/eu\/2021\/02\/denunciamos-la-detencion-arbitraria-e-injusta-de-fernando-espinoza-perez-y-baldemar-espinoza-perez-presos-injustamente-en-el-cereso-16-de-ocosingo\/"},"modified":"2021-02-24T17:11:59","modified_gmt":"2021-02-24T17:11:59","slug":"denunciamos-la-detencion-arbitraria-e-injusta-de-fernando-espinoza-perez-y-baldemar-espinoza-perez-presos-injustamente-en-el-cereso-16-de-ocosingo","status":"publish","type":"post","link":"https:\/\/www.lumaltik.org\/eu\/2021\/02\/denunciamos-la-detencion-arbitraria-e-injusta-de-fernando-espinoza-perez-y-baldemar-espinoza-perez-presos-injustamente-en-el-cereso-16-de-ocosingo\/","title":{"rendered":"DENUNCIAMOS LA DETENCI\u00d3N ARBITRARIA E INJUSTA DE FERNANDO ESPINOZA P\u00c9REZ Y BALDEMAR ESPINOZA P\u00c9REZ , PRESOS INJUSTAMENTE EN EL CERESO 16 DE OCOSINGO"},"content":{"rendered":"\n<p>Desde Lumaltik y muchas otras organizaciones firmamos esta denuncia.<\/p>\n\n\n\n<p>Lee la denuncia aqu\u00ed: https:\/\/viajezapatista.eu\/es\/denunciamos-la-detencion-arbitraria-e-injusta-de-fernando-espinoza-perez-y-baldemar-espinoza-perez-presos-injustamente-en-el-cereso-16-de-ocosingo\/<\/p>\n","protected":false},"excerpt":{"rendered":"<p>Desde Lumaltik y muchas otras organizaciones firmamos esta denuncia. Lee la denuncia aqu\u00ed: https:\/\/viajezapatista.eu\/es\/denunciamos-la-detencion-arbitraria-e-injusta-de-fernando-espinoza-perez-y-baldemar-espinoza-perez-presos-injustamente-en-el-cereso-16-de-ocosingo\/<\/p>\n","protected":false},"author":3,"featured_media":2707,"comment_status":"closed","ping_status":"open","sticky":false,"template":"","format":"standard","meta":{"footnotes":""},"categories":[31,32],"tags":[],"class_list":["post-2712","post","type-post","status-publish","format-standard","has-post-thumbnail","hentry","category-actividades","category-aktibitateak"],"blocksy_meta":[],"aioseo_notices":[],"_links":{"self":[{"href":"https:\/\/www.lumaltik.org\/eu\/wp-json\/wp\/v2\/posts\/2712","targetHints":{"allow":["GET"]}}],"collection":[{"href":"https:\/\/www.lumaltik.org\/eu\/wp-json\/wp\/v2\/posts"}],"about":[{"href":"https:\/\/www.lumaltik.org\/eu\/wp-json\/wp\/v2\/types\/post"}],"author":[{"embeddable":true,"href":"https:\/\/www.lumaltik.org\/eu\/wp-json\/wp\/v2\/users\/3"}],"replies":[{"embeddable":true,"href":"https:\/\/www.lumaltik.org\/eu\/wp-json\/wp\/v2\/comments?post=2712"}],"version-history":[{"count":0,"href":"https:\/\/www.lumaltik.org\/eu\/wp-json\/wp\/v2\/posts\/2712\/revisions"}],"wp:featuredmedia":[{"embeddable":true,"href":"https:\/\/www.lumaltik.org\/eu\/wp-json\/wp\/v2\/media\/2707"}],"wp:attachment":[{"href":"https:\/\/www.lumaltik.org\/eu\/wp-json\/wp\/v2\/media?parent=2712"}],"wp:term":[{"taxonomy":"category","embeddable":true,"href":"https:\/\/www.lumaltik.org\/eu\/wp-json\/wp\/v2\/categories?post=2712"},{"taxonomy":"post_tag","embeddable":true,"href":"https:\/\/www.lumaltik.org\/eu\/wp-json\/wp\/v2\/tags?post=2712"}],"curies":[{"name":"wp","href":"https:\/\/api.w.org\/{rel}","templated":true}]}}