{"id":1840,"date":"2019-03-23T15:37:46","date_gmt":"2019-03-23T15:37:46","guid":{"rendered":"https:\/\/www.lumaltik.org\/eu\/2019\/03\/lurraldeko-emakume-defendatzaileak\/"},"modified":"2019-05-05T11:29:38","modified_gmt":"2019-05-05T11:29:38","slug":"lurraldeko-emakume-defendatzaileak","status":"publish","type":"post","link":"https:\/\/www.lumaltik.org\/eu\/2019\/03\/lurraldeko-emakume-defendatzaileak\/","title":{"rendered":"Donostia: Lurraldeko emakume defendatzaileak"},"content":{"rendered":"\n<p><br><\/p>\n\n\n\n<p>#Defensoras<\/p>\n\n\n\n<p>Apirilak 10 Donostia<\/p>\n\n\n\n<p><\/p>\n\n\n\n<p><strong>Addy Perez<\/strong> Centro de Derechos de la Mujer de Chiapas<\/p>\n\n\n\n<p><\/p>\n\n\n\n<p><strong>Mikeas S\u00e1nchez <\/strong>Defensora del territorio zoque<\/p>\n\n\n\n<p><\/p>\n\n\n\n<p><strong>Cecilia Santiago<\/strong> Activista feminista chiapaneca<\/p>\n\n\n\n<p><\/p>\n\n\n\n<p><strong>Itziar Gandarias <\/strong>Activista feminista en EH<\/p>\n\n\n\n<p>Analisi\nfeminista baten bidez aztertuko dugu era argi, irekia eta salaketa\ngisa batean emakume askok bizi duten egoera guztien ondasun, lurra\neta lurraldea defendatzean Txiapasen.<\/p>\n\n\n\n<p>Miqueas Sanchez, olerkari, ZOQUE lurraldearen defendatzailea eta ZODEVITE-ko kidea, eta Addy Perez, Centro de Derechos de la Mujer en Chiapas-eko (CDMCH) kidea izango dira gurekin. Haien borroka, defentsa eta erresistentziaren esperientzia ezagutuko dugu meatzaritzaren proiektuen kontra, baita euren arrisku zehatzak emakumeak izateagatik.  <\/p>\n\n\n\n<p><\/p>\n\n\n\n<p>A trav\u00e9s de&nbsp;un an\u00e1lisis feminista abordaremos de manera clara, abierta y en forma de denuncia la situaci\u00f3n que viven y enfrentan las&nbsp;defensoras de bienes comunes, tierra y territorio en Chiapas. Nos acompa\u00f1ar\u00e1n&nbsp;<strong>Mikeas S\u00e1nchez<\/strong>, poeta y defensora del&nbsp;territorio Zoque integrante de&nbsp;ZODEVITE y&nbsp;<strong>Addy P\u00e9rez<\/strong>&nbsp;del  Centro de Derechos de la Mujer de Chiapas (CDMCH). Conoceremos su  experiencia de lucha, defensa y resistencia frente a proyectos  extractivos, y analizaremos los riesgos a\u00f1adidos por el hecho de ser  mujeres.<\/p>\n\n\n\n<p><\/p>\n\n\n\n<p>Atxikitzen dizuegu egitaraua, espero dugu zuen modukoa izatea eta zuen presentziarekin kontatzea. Konfirmatu dezakezue esteka honen bidez <a href=\"http:\/\/www.cristinaenea.eus\/es\/inicio\" target=\"_blank\" rel=\"noreferrer noopener\" aria-label=\"cristinaenea.eu (abre en una nueva pesta\u00f1a)\">cristinaenea.eu<\/a><a rel=\"noreferrer noopener\" aria-label=\"cristinaenea.eu (abre en una nueva pesta\u00f1a)\" href=\"https:\/\/bibe.me\/eventos-CristinaEneaFundazioa\" target=\"_blank\">s<\/a>.&nbsp;<\/p>\n\n\n\n<p><a href=\"https:\/\/www.lumaltik.org\/wp-content\/uploads\/2019\/03\/Programa-euskera-pdf.pdf\"><strong>Egitaraua<\/strong><\/a><\/p>\n\n\n\n<p>Izen-ematea\ndoan. \n<\/p>\n\n\n\n<p>Donostia.\nApirilak 10 (16:45-19.30)<\/p>\n\n\n\n<p>Cristina Enea, Mandasko dukearen pasalekua.<\/p>\n\n\n\n<p><\/p>\n\n\n\n<p>Adjunto&nbsp;les  enviamos&nbsp;el programa. Ser\u00e1 un placer contar con vuestra presencia, que  agradecer\u00edamos nos confirmarais a trav\u00e9s de la pagina:&nbsp;<a href=\"http:\/\/www.cristinaenea.eus\/es\/inicio\" target=\"_blank\" rel=\"noreferrer noopener\" aria-label=\" (abre en una nueva pesta\u00f1a)\">cristinaenea.eus<\/a>.&nbsp;<\/p>\n\n\n\n<p><a href=\"https:\/\/www.lumaltik.org\/wp-content\/uploads\/2019\/03\/programa-castellano-pdf.pdf\"><strong>Programa<\/strong><\/a><\/p>\n\n\n\n<p>Inscripci\u00f3n Gratuita.&nbsp;<\/p>\n\n\n\n<p>Donostia. 10 de abril (16:45-19.30)<\/p>\n\n\n\n<p>Cristina Enea, Mandasko dukearen pasalekua.<\/p>\n\n\n\n<ul class=\"wp-block-gallery columns-2 is-cropped wp-block-gallery-1 is-layout-flex wp-block-gallery-is-layout-flex\"><li class=\"blocks-gallery-item\"><figure><img loading=\"lazy\" decoding=\"async\" width=\"1024\" height=\"576\" src=\"https:\/\/www.lumaltik.org\/wp-content\/uploads\/2019\/05\/IMG-20190410-WA0001-1024x576.jpg\" alt=\"\" data-id=\"1879\" data-link=\"https:\/\/www.lumaltik.org\/2019\/03\/lurraldeko-emakume-defendatzaileak\/img-20190410-wa0001\/\" class=\"wp-image-1879\" srcset=\"https:\/\/www.lumaltik.org\/wp-content\/uploads\/2019\/05\/IMG-20190410-WA0001-1024x576.jpg 1024w, https:\/\/www.lumaltik.org\/wp-content\/uploads\/2019\/05\/IMG-20190410-WA0001-300x169.jpg 300w, https:\/\/www.lumaltik.org\/wp-content\/uploads\/2019\/05\/IMG-20190410-WA0001-768x432.jpg 768w, https:\/\/www.lumaltik.org\/wp-content\/uploads\/2019\/05\/IMG-20190410-WA0001-956x538.jpg 956w, https:\/\/www.lumaltik.org\/wp-content\/uploads\/2019\/05\/IMG-20190410-WA0001.jpg 1600w\" sizes=\"auto, (max-width: 1024px) 100vw, 1024px\" \/><\/figure><\/li><li class=\"blocks-gallery-item\"><figure><img loading=\"lazy\" decoding=\"async\" width=\"1024\" height=\"576\" src=\"https:\/\/www.lumaltik.org\/wp-content\/uploads\/2019\/05\/IMG-20190410-WA0000-1024x576.jpg\" alt=\"\" data-id=\"1880\" data-link=\"https:\/\/www.lumaltik.org\/2019\/03\/lurraldeko-emakume-defendatzaileak\/img-20190410-wa0000\/\" class=\"wp-image-1880\" srcset=\"https:\/\/www.lumaltik.org\/wp-content\/uploads\/2019\/05\/IMG-20190410-WA0000-1024x576.jpg 1024w, https:\/\/www.lumaltik.org\/wp-content\/uploads\/2019\/05\/IMG-20190410-WA0000-300x169.jpg 300w, https:\/\/www.lumaltik.org\/wp-content\/uploads\/2019\/05\/IMG-20190410-WA0000-768x432.jpg 768w, https:\/\/www.lumaltik.org\/wp-content\/uploads\/2019\/05\/IMG-20190410-WA0000-956x538.jpg 956w, https:\/\/www.lumaltik.org\/wp-content\/uploads\/2019\/05\/IMG-20190410-WA0000.jpg 1600w\" sizes=\"auto, (max-width: 1024px) 100vw, 1024px\" \/><\/figure><\/li><\/ul>\n","protected":false},"excerpt":{"rendered":"<p>#Defensoras Apirilak 10 Donostia Addy Perez Centro de Derechos de la Mujer de Chiapas Mikeas S\u00e1nchez Defensora del territorio zoque Cecilia Santiago Activista feminista chiapaneca Itziar Gandarias Activista feminista en EH Analisi feminista baten bidez aztertuko dugu era argi, irekia eta salaketa gisa batean emakume askok bizi duten egoera guztien ondasun, lurra eta lurraldea defendatzean [&hellip;]<\/p>\n","protected":false},"author":3,"featured_media":1826,"comment_status":"closed","ping_status":"open","sticky":false,"template":"","format":"standard","meta":{"footnotes":""},"categories":[9],"tags":[],"class_list":["post-1840","post","type-post","status-publish","format-standard","has-post-thumbnail","hentry","category-sin-categoria-eu"],"blocksy_meta":[],"aioseo_notices":[],"_links":{"self":[{"href":"https:\/\/www.lumaltik.org\/eu\/wp-json\/wp\/v2\/posts\/1840","targetHints":{"allow":["GET"]}}],"collection":[{"href":"https:\/\/www.lumaltik.org\/eu\/wp-json\/wp\/v2\/posts"}],"about":[{"href":"https:\/\/www.lumaltik.org\/eu\/wp-json\/wp\/v2\/types\/post"}],"author":[{"embeddable":true,"href":"https:\/\/www.lumaltik.org\/eu\/wp-json\/wp\/v2\/users\/3"}],"replies":[{"embeddable":true,"href":"https:\/\/www.lumaltik.org\/eu\/wp-json\/wp\/v2\/comments?post=1840"}],"version-history":[{"count":0,"href":"https:\/\/www.lumaltik.org\/eu\/wp-json\/wp\/v2\/posts\/1840\/revisions"}],"wp:featuredmedia":[{"embeddable":true,"href":"https:\/\/www.lumaltik.org\/eu\/wp-json\/wp\/v2\/media\/1826"}],"wp:attachment":[{"href":"https:\/\/www.lumaltik.org\/eu\/wp-json\/wp\/v2\/media?parent=1840"}],"wp:term":[{"taxonomy":"category","embeddable":true,"href":"https:\/\/www.lumaltik.org\/eu\/wp-json\/wp\/v2\/categories?post=1840"},{"taxonomy":"post_tag","embeddable":true,"href":"https:\/\/www.lumaltik.org\/eu\/wp-json\/wp\/v2\/tags?post=1840"}],"curies":[{"name":"wp","href":"https:\/\/api.w.org\/{rel}","templated":true}]}}